{"id":8679,"date":"2020-05-22T13:49:15","date_gmt":"2020-05-22T13:49:15","guid":{"rendered":"http:\/\/federacioncanariadehipica.es\/inicio\/?p=8679"},"modified":"2020-05-22T13:49:15","modified_gmt":"2020-05-22T13:49:15","slug":"8679-2","status":"publish","type":"post","link":"https:\/\/federacioncanariadehipica.es\/inicio\/8679-2\/","title":{"rendered":"Nuevo Protocolo Sanitario para los concursos de Raid en Canarias"},"content":{"rendered":"<p><a class=\"_58cn\" href=\"https:\/\/www.facebook.com\/hashtag\/comunicado?source=feed_text&amp;epa=HASHTAG&amp;__xts__%5B0%5D=68.ARAFCPcabhHIWLQiNTQAI5bF8x58WOOuRC9Q9QjfNUo7nxiM1G6e2YAsBS7itmVGDg_0j3MPxIJZtkVudxDKLqiHt0vSzC6OIl9dXmAJbCUo3UKmwJwayuli40yp4vW8fHMElwuiTjIECPi-QAP6eMWvy1fojj6PXLE6HEoZWFQk_6nOCh-wFr9hfjU5cG8TljQaFyAhjl8i7Sc92aXEWoC8Jh-Zn6i3Mpz-TQHB9FhCC9k4MI7KHE3Su0WdEtKPAFl2r-qel8f9KZz4tsiDU6_tSxsLBLi2wqhZ3mUvxT4aznYoxnRzudL4-hUboYz7oRFaiMm03FGvC0jCaFlC82m0lw&amp;__tn__=%2ANK-R\" data-ft=\"{&quot;type&quot;:104,&quot;tn&quot;:&quot;*N&quot;}\" target=\"_blank\" rel=\"noopener\"><span class=\"_5afx\"><span class=\"_58cl _5afz\" aria-label=\"hashtag\">#<\/span><span class=\"_58cm\">COMUNICADO<\/span><\/span><\/a>\u00a0<a class=\"_58cn\" href=\"https:\/\/www.facebook.com\/hashtag\/raid?source=feed_text&amp;epa=HASHTAG&amp;__xts__%5B0%5D=68.ARAFCPcabhHIWLQiNTQAI5bF8x58WOOuRC9Q9QjfNUo7nxiM1G6e2YAsBS7itmVGDg_0j3MPxIJZtkVudxDKLqiHt0vSzC6OIl9dXmAJbCUo3UKmwJwayuli40yp4vW8fHMElwuiTjIECPi-QAP6eMWvy1fojj6PXLE6HEoZWFQk_6nOCh-wFr9hfjU5cG8TljQaFyAhjl8i7Sc92aXEWoC8Jh-Zn6i3Mpz-TQHB9FhCC9k4MI7KHE3Su0WdEtKPAFl2r-qel8f9KZz4tsiDU6_tSxsLBLi2wqhZ3mUvxT4aznYoxnRzudL4-hUboYz7oRFaiMm03FGvC0jCaFlC82m0lw&amp;__tn__=%2ANK-R\" data-ft=\"{&quot;type&quot;:104,&quot;tn&quot;:&quot;*N&quot;}\" target=\"_blank\" rel=\"noopener\"><span class=\"_5afx\"><span class=\"_58cl _5afz\" aria-label=\"hashtag\">#<\/span><span class=\"_58cm\">RAID<\/span><\/span><\/a>\u00a0<a class=\"_58cn\" href=\"https:\/\/www.facebook.com\/hashtag\/resistenciaecuestre?source=feed_text&amp;epa=HASHTAG&amp;__xts__%5B0%5D=68.ARAFCPcabhHIWLQiNTQAI5bF8x58WOOuRC9Q9QjfNUo7nxiM1G6e2YAsBS7itmVGDg_0j3MPxIJZtkVudxDKLqiHt0vSzC6OIl9dXmAJbCUo3UKmwJwayuli40yp4vW8fHMElwuiTjIECPi-QAP6eMWvy1fojj6PXLE6HEoZWFQk_6nOCh-wFr9hfjU5cG8TljQaFyAhjl8i7Sc92aXEWoC8Jh-Zn6i3Mpz-TQHB9FhCC9k4MI7KHE3Su0WdEtKPAFl2r-qel8f9KZz4tsiDU6_tSxsLBLi2wqhZ3mUvxT4aznYoxnRzudL4-hUboYz7oRFaiMm03FGvC0jCaFlC82m0lw&amp;__tn__=%2ANK-R\" data-ft=\"{&quot;type&quot;:104,&quot;tn&quot;:&quot;*N&quot;}\" target=\"_blank\" rel=\"noopener\"><span class=\"_5afx\"><span class=\"_58cl _5afz\" aria-label=\"hashtag\">#<\/span><span class=\"_58cm\">RESISTENCIAECUESTRE<\/span><\/span><\/a><\/p>\n<p>Desde la Vocalia de Raid de la\u00a0<a class=\"_58cn\" href=\"https:\/\/www.facebook.com\/hashtag\/fch?source=feed_text&amp;epa=HASHTAG&amp;__xts__%5B0%5D=68.ARAFCPcabhHIWLQiNTQAI5bF8x58WOOuRC9Q9QjfNUo7nxiM1G6e2YAsBS7itmVGDg_0j3MPxIJZtkVudxDKLqiHt0vSzC6OIl9dXmAJbCUo3UKmwJwayuli40yp4vW8fHMElwuiTjIECPi-QAP6eMWvy1fojj6PXLE6HEoZWFQk_6nOCh-wFr9hfjU5cG8TljQaFyAhjl8i7Sc92aXEWoC8Jh-Zn6i3Mpz-TQHB9FhCC9k4MI7KHE3Su0WdEtKPAFl2r-qel8f9KZz4tsiDU6_tSxsLBLi2wqhZ3mUvxT4aznYoxnRzudL4-hUboYz7oRFaiMm03FGvC0jCaFlC82m0lw&amp;__tn__=%2ANK-R\" data-ft=\"{&quot;type&quot;:104,&quot;tn&quot;:&quot;*N&quot;}\" target=\"_blank\" rel=\"noopener\"><span class=\"_5afx\"><span class=\"_58cl _5afz\" aria-label=\"hashtag\">#<\/span><span class=\"_58cm\">FCH<\/span><\/span><\/a>\u00a0nos hacen llegar este comunicado para los Comites Organizadores:<\/p>\n<p>Estimados federad@s:<\/p>\n<div class=\"text_exposed_show\">\n<p>Desde la Federaci\u00f3n Canaria de H\u00edpica hemos estado durante todo este tiempo de confinamiento trabajando directamente con la Real Federaci\u00f3n Espa\u00f1ola de H\u00edpica y dem\u00e1s estamentos para estudiar la reestructuraci\u00f3n de nuestro calendario de Raid en Canarias.<\/p>\n<p>Hemos mantenido diversas reuniones telem\u00e1ticas para intentar llegar a un acuerdo de cu\u00e1les ser\u00edan los protocolos sanitarios m\u00e1s adecuados para la pr\u00e1ctica de nuestro deporte con total seguridad en las Islas.<\/p>\n<p>Es por ello que se ha llegado a este <strong>Protocolo Sanitario para los concursos de Raid<\/strong> en todo el territorio nacional. Ruego le den un vistazo a la nueva normativa sanitaria para ir mirando que se puedan cumplir todos y cada uno de los puntos expuestos en nuestros concursos.<\/p>\n<p>Y para que esto pueda empezar a funcionar lo antes posible, les pido a todos los Comit\u00e9s Organizadores de Raid en Canarias, que est\u00e9n interesados en organizar alguna prueba, que se pongan en contacto con esta Vocal\u00eda en el correo raid@federacioncanariadehipica.com o bien por tel\u00e9fono para que podamos ir mirando esa reestructuraci\u00f3n del calendario para lo que nos queda de temporada.<\/p>\n<p>Puedes ver el Protocolo Sanitario para los concursos de Raid en el siguiente enlace: <a href=\"http:\/\/federacioncanariadehipica.es\/inicio\/wp-content\/uploads\/2020\/05\/Protocolo-Sanitario-Raid-Covid-2020.pdf\">https:\/\/federacioncanariadehipica.es\/Protocolo-Sanitario-Raid-Covid-2020.pdf<\/a><\/p>\n<p>Gracias a todos.<\/p>\n<p>Javier Mart\u00edn \u00c1lvarez<br \/>\nVocal\u00eda de Raid<br \/>\nFederaci\u00f3n Canaria de H\u00edpica<br \/>\n<a class=\"_58cn\" href=\"https:\/\/www.facebook.com\/hashtag\/prensafch?source=feed_text&amp;epa=HASHTAG&amp;__xts__%5B0%5D=68.ARAFCPcabhHIWLQiNTQAI5bF8x58WOOuRC9Q9QjfNUo7nxiM1G6e2YAsBS7itmVGDg_0j3MPxIJZtkVudxDKLqiHt0vSzC6OIl9dXmAJbCUo3UKmwJwayuli40yp4vW8fHMElwuiTjIECPi-QAP6eMWvy1fojj6PXLE6HEoZWFQk_6nOCh-wFr9hfjU5cG8TljQaFyAhjl8i7Sc92aXEWoC8Jh-Zn6i3Mpz-TQHB9FhCC9k4MI7KHE3Su0WdEtKPAFl2r-qel8f9KZz4tsiDU6_tSxsLBLi2wqhZ3mUvxT4aznYoxnRzudL4-hUboYz7oRFaiMm03FGvC0jCaFlC82m0lw&amp;__tn__=%2ANK-R\" data-ft=\"{&quot;type&quot;:104,&quot;tn&quot;:&quot;*N&quot;}\" target=\"_blank\" rel=\"noopener\"><span class=\"_5afx\"><span class=\"_58cl _5afz\" aria-label=\"hashtag\">#<\/span><span class=\"_58cm\">prensaFCH<\/span><\/span><\/a><\/p>\n<p>&nbsp;<\/p>\n<\/div>\n","protected":false},"excerpt":{"rendered":"<p>#COMUNICADO\u00a0#RAID\u00a0#RESISTENCIAECUESTRE Desde la Vocalia de Raid de la\u00a0#FCH\u00a0nos hacen llegar este comunicado para los Comites Organizadores: Estimados federad@s: Desde la Federaci\u00f3n Canaria de H\u00edpica hemos estado durante todo este tiempo [&hellip;]<\/p>\n","protected":false},"author":4,"featured_media":3777,"comment_status":"closed","ping_status":"closed","sticky":false,"template":"","format":"standard","meta":{"_acf_changed":false,"_et_pb_use_builder":"","_et_pb_old_content":"","_et_gb_content_width":"","footnotes":""},"categories":[17],"tags":[],"class_list":["post-8679","post","type-post","status-publish","format-standard","has-post-thumbnail","hentry","category-resistencia-ecuestre-raid"],"acf":[],"_links":{"self":[{"href":"https:\/\/federacioncanariadehipica.es\/inicio\/wp-json\/wp\/v2\/posts\/8679","targetHints":{"allow":["GET"]}}],"collection":[{"href":"https:\/\/federacioncanariadehipica.es\/inicio\/wp-json\/wp\/v2\/posts"}],"about":[{"href":"https:\/\/federacioncanariadehipica.es\/inicio\/wp-json\/wp\/v2\/types\/post"}],"author":[{"embeddable":true,"href":"https:\/\/federacioncanariadehipica.es\/inicio\/wp-json\/wp\/v2\/users\/4"}],"replies":[{"embeddable":true,"href":"https:\/\/federacioncanariadehipica.es\/inicio\/wp-json\/wp\/v2\/comments?post=8679"}],"version-history":[{"count":0,"href":"https:\/\/federacioncanariadehipica.es\/inicio\/wp-json\/wp\/v2\/posts\/8679\/revisions"}],"wp:featuredmedia":[{"embeddable":true,"href":"https:\/\/federacioncanariadehipica.es\/inicio\/wp-json\/"}],"wp:attachment":[{"href":"https:\/\/federacioncanariadehipica.es\/inicio\/wp-json\/wp\/v2\/media?parent=8679"}],"wp:term":[{"taxonomy":"category","embeddable":true,"href":"https:\/\/federacioncanariadehipica.es\/inicio\/wp-json\/wp\/v2\/categories?post=8679"},{"taxonomy":"post_tag","embeddable":true,"href":"https:\/\/federacioncanariadehipica.es\/inicio\/wp-json\/wp\/v2\/tags?post=8679"}],"curies":[{"name":"wp","href":"https:\/\/api.w.org\/{rel}","templated":true}]}}