{"id":8107,"date":"2020-03-12T16:09:01","date_gmt":"2020-03-12T16:09:01","guid":{"rendered":"http:\/\/federacioncanariadehipica.es\/inicio\/?p=8107"},"modified":"2023-05-12T11:02:02","modified_gmt":"2023-05-12T10:02:02","slug":"suspendidas-todas-las-competiciones-hipicas-en-canarias","status":"publish","type":"post","link":"https:\/\/federacioncanariadehipica.es\/inicio\/suspendidas-todas-las-competiciones-hipicas-en-canarias\/","title":{"rendered":"SUSPENDIDAS TODAS LAS COMPETICIONES H\u00cdPICAS EN CANARIAS"},"content":{"rendered":"<p><a class=\"_58cn\" href=\"https:\/\/www.facebook.com\/hashtag\/comunicado?source=feed_text&amp;epa=HASHTAG&amp;__xts__%5B0%5D=68.ARAKJLKTY3oyQirO4a2AZlGyQ6hCdQ7f15ZhYBEEIwrr7RpP16twLmNTW2UaUM0Zi8vEUy7zWr9wnpHVzjJILbiC4R8MHrzTuRFdtbDAbofFs8nVsjYba3BqLjkWgBHHWjvnnPIe0BP9iG58rfSqCxxW0RkHagGPjGdVtGgxWxVEzjSRMQuynchs_Edag_17j4jV8sJ44osF3Y3jAWeKgO2PjcspKQTV68c7d5U5bWiu-CC77IAT6aBkOb8HP2jb-CnBA4E3mKPCr_hdiRuUp3rmusJbghmYYGRN7UQWRgL1RtRDozWxfZkTxwmUQb81Axl3Q3iBM9Y8E0beddwxHmz5Ew&amp;__tn__=%2ANK-R\" data-ft=\"{&quot;type&quot;:104,&quot;tn&quot;:&quot;*N&quot;}\" target=\"_blank\" rel=\"noopener\"><span class=\"_5afx\"><span class=\"_58cl _5afz\" aria-label=\"hashtag\">#<\/span><span class=\"_58cm\">COMUNICADO<\/span><\/span><\/a>\u00a0<a class=\"_58cn\" href=\"https:\/\/www.facebook.com\/hashtag\/coronavirus?source=feed_text&amp;epa=HASHTAG&amp;__xts__%5B0%5D=68.ARAKJLKTY3oyQirO4a2AZlGyQ6hCdQ7f15ZhYBEEIwrr7RpP16twLmNTW2UaUM0Zi8vEUy7zWr9wnpHVzjJILbiC4R8MHrzTuRFdtbDAbofFs8nVsjYba3BqLjkWgBHHWjvnnPIe0BP9iG58rfSqCxxW0RkHagGPjGdVtGgxWxVEzjSRMQuynchs_Edag_17j4jV8sJ44osF3Y3jAWeKgO2PjcspKQTV68c7d5U5bWiu-CC77IAT6aBkOb8HP2jb-CnBA4E3mKPCr_hdiRuUp3rmusJbghmYYGRN7UQWRgL1RtRDozWxfZkTxwmUQb81Axl3Q3iBM9Y8E0beddwxHmz5Ew&amp;__tn__=%2ANK-R\" data-ft=\"{&quot;type&quot;:104,&quot;tn&quot;:&quot;*N&quot;}\" target=\"_blank\" rel=\"noopener\"><span class=\"_5afx\"><span class=\"_58cl _5afz\" aria-label=\"hashtag\">#<\/span><span class=\"_58cm\">CORONAVIRUS<\/span><\/span><\/a>\u00a0<a class=\"_58cn\" href=\"https:\/\/www.facebook.com\/hashtag\/suspensi%C3%B3n?source=feed_text&amp;epa=HASHTAG&amp;__xts__%5B0%5D=68.ARAKJLKTY3oyQirO4a2AZlGyQ6hCdQ7f15ZhYBEEIwrr7RpP16twLmNTW2UaUM0Zi8vEUy7zWr9wnpHVzjJILbiC4R8MHrzTuRFdtbDAbofFs8nVsjYba3BqLjkWgBHHWjvnnPIe0BP9iG58rfSqCxxW0RkHagGPjGdVtGgxWxVEzjSRMQuynchs_Edag_17j4jV8sJ44osF3Y3jAWeKgO2PjcspKQTV68c7d5U5bWiu-CC77IAT6aBkOb8HP2jb-CnBA4E3mKPCr_hdiRuUp3rmusJbghmYYGRN7UQWRgL1RtRDozWxfZkTxwmUQb81Axl3Q3iBM9Y8E0beddwxHmz5Ew&amp;__tn__=%2ANK-R\" data-ft=\"{&quot;type&quot;:104,&quot;tn&quot;:&quot;*N&quot;}\" target=\"_blank\" rel=\"noopener\"><span class=\"_5afx\"><span class=\"_58cl _5afz\" aria-label=\"hashtag\">#<\/span><span class=\"_58cm\">SUSPENSI\u00d3N<\/span><\/span><\/a>\u00a0<a class=\"_58cn\" href=\"https:\/\/www.facebook.com\/hashtag\/calendario?source=feed_text&amp;epa=HASHTAG&amp;__xts__%5B0%5D=68.ARAKJLKTY3oyQirO4a2AZlGyQ6hCdQ7f15ZhYBEEIwrr7RpP16twLmNTW2UaUM0Zi8vEUy7zWr9wnpHVzjJILbiC4R8MHrzTuRFdtbDAbofFs8nVsjYba3BqLjkWgBHHWjvnnPIe0BP9iG58rfSqCxxW0RkHagGPjGdVtGgxWxVEzjSRMQuynchs_Edag_17j4jV8sJ44osF3Y3jAWeKgO2PjcspKQTV68c7d5U5bWiu-CC77IAT6aBkOb8HP2jb-CnBA4E3mKPCr_hdiRuUp3rmusJbghmYYGRN7UQWRgL1RtRDozWxfZkTxwmUQb81Axl3Q3iBM9Y8E0beddwxHmz5Ew&amp;__tn__=%2ANK-R\" data-ft=\"{&quot;type&quot;:104,&quot;tn&quot;:&quot;*N&quot;}\" target=\"_blank\" rel=\"noopener\"><span class=\"_5afx\"><span class=\"_58cl _5afz\" aria-label=\"hashtag\">#<\/span><span class=\"_58cm\">CALENDARIO<\/span><\/span><\/a><\/p>\n<p>La Junta de Gobierno de la Federaci\u00f3n Canaria de H\u00edpica, en una reuni\u00f3n\u00a0<a class=\"_58cn\" href=\"https:\/\/www.facebook.com\/hashtag\/urgente?source=feed_text&amp;epa=HASHTAG&amp;__xts__%5B0%5D=68.ARAKJLKTY3oyQirO4a2AZlGyQ6hCdQ7f15ZhYBEEIwrr7RpP16twLmNTW2UaUM0Zi8vEUy7zWr9wnpHVzjJILbiC4R8MHrzTuRFdtbDAbofFs8nVsjYba3BqLjkWgBHHWjvnnPIe0BP9iG58rfSqCxxW0RkHagGPjGdVtGgxWxVEzjSRMQuynchs_Edag_17j4jV8sJ44osF3Y3jAWeKgO2PjcspKQTV68c7d5U5bWiu-CC77IAT6aBkOb8HP2jb-CnBA4E3mKPCr_hdiRuUp3rmusJbghmYYGRN7UQWRgL1RtRDozWxfZkTxwmUQb81Axl3Q3iBM9Y8E0beddwxHmz5Ew&amp;__tn__=%2ANK-R\" data-ft=\"{&quot;type&quot;:104,&quot;tn&quot;:&quot;*N&quot;}\" target=\"_blank\" rel=\"noopener\"><span class=\"_5afx\"><span class=\"_58cl _5afz\" aria-label=\"hashtag\">#<\/span><span class=\"_58cm\">Urgente<\/span><\/span><\/a>\u00a0y\u00a0<a class=\"_58cn\" href=\"https:\/\/www.facebook.com\/hashtag\/extraordinaria?source=feed_text&amp;epa=HASHTAG&amp;__xts__%5B0%5D=68.ARAKJLKTY3oyQirO4a2AZlGyQ6hCdQ7f15ZhYBEEIwrr7RpP16twLmNTW2UaUM0Zi8vEUy7zWr9wnpHVzjJILbiC4R8MHrzTuRFdtbDAbofFs8nVsjYba3BqLjkWgBHHWjvnnPIe0BP9iG58rfSqCxxW0RkHagGPjGdVtGgxWxVEzjSRMQuynchs_Edag_17j4jV8sJ44osF3Y3jAWeKgO2PjcspKQTV68c7d5U5bWiu-CC77IAT6aBkOb8HP2jb-CnBA4E3mKPCr_hdiRuUp3rmusJbghmYYGRN7UQWRgL1RtRDozWxfZkTxwmUQb81Axl3Q3iBM9Y8E0beddwxHmz5Ew&amp;__tn__=%2ANK-R\" data-ft=\"{&quot;type&quot;:104,&quot;tn&quot;:&quot;*N&quot;}\" target=\"_blank\" rel=\"noopener\"><span class=\"_5afx\"><span class=\"_58cl _5afz\" aria-label=\"hashtag\">#<\/span><span class=\"_58cm\">Extraordinaria<\/span><\/span><\/a>\u00a0celebrada en el d\u00eda de hoy, jueves 12 de marzo de 2020, ha tomado la siguiente decisi\u00f3n:<\/p>\n<p>&#8211; SUSPENDER el calendario aprobado durante 15 d\u00edas a partir de ma\u00f1ana, d\u00eda 13 de marzo, de todas las competiciones h\u00edpicas territoriales, acordando aplazar dichas competiciones afectadas a otras fechas en la que haya desaparecido el riesgo de<span class=\"text_exposed_show\">\u00a0contagio.<br \/>\n&#8211; Este aplazamiento de 15 d\u00edas del calendario deportivo h\u00edpico podr\u00e1 ser ampliado en funci\u00f3n de la evoluci\u00f3n de las circunstancias y las notificaciones sanitarias recibidas\u00a0<a class=\"_58cn\" href=\"https:\/\/www.facebook.com\/hashtag\/prensafch?source=feed_text&amp;epa=HASHTAG&amp;__xts__%5B0%5D=68.ARAKJLKTY3oyQirO4a2AZlGyQ6hCdQ7f15ZhYBEEIwrr7RpP16twLmNTW2UaUM0Zi8vEUy7zWr9wnpHVzjJILbiC4R8MHrzTuRFdtbDAbofFs8nVsjYba3BqLjkWgBHHWjvnnPIe0BP9iG58rfSqCxxW0RkHagGPjGdVtGgxWxVEzjSRMQuynchs_Edag_17j4jV8sJ44osF3Y3jAWeKgO2PjcspKQTV68c7d5U5bWiu-CC77IAT6aBkOb8HP2jb-CnBA4E3mKPCr_hdiRuUp3rmusJbghmYYGRN7UQWRgL1RtRDozWxfZkTxwmUQb81Axl3Q3iBM9Y8E0beddwxHmz5Ew&amp;__tn__=%2ANK-R\" data-ft=\"{&quot;type&quot;:104,&quot;tn&quot;:&quot;*N&quot;}\" target=\"_blank\" rel=\"noopener\"><span class=\"_5afx\"><span class=\"_58cl _5afz\" aria-label=\"hashtag\">#<\/span><span class=\"_58cm\">prensaFCH<\/span><\/span><\/a><\/span><\/p>\n","protected":false},"excerpt":{"rendered":"<p>#COMUNICADO\u00a0#CORONAVIRUS\u00a0#SUSPENSI\u00d3N\u00a0#CALENDARIO La Junta de Gobierno de la Federaci\u00f3n Canaria de H\u00edpica, en una reuni\u00f3n\u00a0#Urgente\u00a0y\u00a0#Extraordinaria\u00a0celebrada en el d\u00eda de hoy, jueves 12 de marzo de 2020, ha tomado la siguiente decisi\u00f3n: [&hellip;]<\/p>\n","protected":false},"author":4,"featured_media":8106,"comment_status":"closed","ping_status":"closed","sticky":false,"template":"","format":"standard","meta":{"_acf_changed":false,"_et_pb_use_builder":"","_et_pb_old_content":"","_et_gb_content_width":"","footnotes":""},"categories":[42],"tags":[],"class_list":["post-8107","post","type-post","status-publish","format-standard","has-post-thumbnail","hentry","category-otras-noticias"],"acf":[],"_links":{"self":[{"href":"https:\/\/federacioncanariadehipica.es\/inicio\/wp-json\/wp\/v2\/posts\/8107","targetHints":{"allow":["GET"]}}],"collection":[{"href":"https:\/\/federacioncanariadehipica.es\/inicio\/wp-json\/wp\/v2\/posts"}],"about":[{"href":"https:\/\/federacioncanariadehipica.es\/inicio\/wp-json\/wp\/v2\/types\/post"}],"author":[{"embeddable":true,"href":"https:\/\/federacioncanariadehipica.es\/inicio\/wp-json\/wp\/v2\/users\/4"}],"replies":[{"embeddable":true,"href":"https:\/\/federacioncanariadehipica.es\/inicio\/wp-json\/wp\/v2\/comments?post=8107"}],"version-history":[{"count":1,"href":"https:\/\/federacioncanariadehipica.es\/inicio\/wp-json\/wp\/v2\/posts\/8107\/revisions"}],"predecessor-version":[{"id":14020,"href":"https:\/\/federacioncanariadehipica.es\/inicio\/wp-json\/wp\/v2\/posts\/8107\/revisions\/14020"}],"wp:featuredmedia":[{"embeddable":true,"href":"https:\/\/federacioncanariadehipica.es\/inicio\/wp-json\/"}],"wp:attachment":[{"href":"https:\/\/federacioncanariadehipica.es\/inicio\/wp-json\/wp\/v2\/media?parent=8107"}],"wp:term":[{"taxonomy":"category","embeddable":true,"href":"https:\/\/federacioncanariadehipica.es\/inicio\/wp-json\/wp\/v2\/categories?post=8107"},{"taxonomy":"post_tag","embeddable":true,"href":"https:\/\/federacioncanariadehipica.es\/inicio\/wp-json\/wp\/v2\/tags?post=8107"}],"curies":[{"name":"wp","href":"https:\/\/api.w.org\/{rel}","templated":true}]}}