{"id":7818,"date":"2020-02-12T16:08:35","date_gmt":"2020-02-12T16:08:35","guid":{"rendered":"http:\/\/federacioncanariadehipica.es\/inicio\/?p=7818"},"modified":"2020-02-12T16:08:35","modified_gmt":"2020-02-12T16:08:35","slug":"omar-blanco-encargado-de-impartir-el-plan-de-tecnificacion-junior-y-jovenes-jinetes-de-raid-en-canarias-en-febrero","status":"publish","type":"post","link":"https:\/\/federacioncanariadehipica.es\/inicio\/omar-blanco-encargado-de-impartir-el-plan-de-tecnificacion-junior-y-jovenes-jinetes-de-raid-en-canarias-en-febrero\/","title":{"rendered":"Omar Blanco, encargado de impartir el Plan de Tecnificaci\u00f3n Junior y J\u00f3venes Jinetes de Raid en Canarias en febrero"},"content":{"rendered":"<p>Los pr\u00f3ximos 22 y 23 de febrero 2020 se organiza en el Club H\u00edpico Los Migueles, Buzanada, Tenerife, unas jornadas de Tecnificaci\u00f3n de Raid, dirigidas a los J\u00f3venes Jinetes y Junior, organizado conjuntamente por la Real Federaci\u00f3n H\u00edpica Espa\u00f1ola y la Federaci\u00f3n Canaria de H\u00edpica.<\/p>\n<p>El programa consiste en un curso te\u00f3rico\/pr\u00e1ctico al que cada participante puede asistir con su caballo.<\/p>\n<p>El curso ser\u00e1 impartido por Omar Blanco (en la foto, en Euston Park), jinete de raid de la RFHE, bicampe\u00f3n de Europa por equipos 2017 y 2019, 4\u00ba en los europeos del 2017 y 2019. Le acompa\u00f1ar\u00e1 en esta tarea Ignasi Casas, seleccionador espa\u00f1ol. El equipo espa\u00f1ol de Raid es actualmente Campe\u00f3n del Mundo y de Europa, en categor\u00eda absoluta, y el equipo Junior es Campe\u00f3n de Europa y Subcampe\u00f3n del Mundo.<\/p>\n<p>Todas las personas interesadas deber\u00e1n rellenar el formulario de inscripci\u00f3n y mandarlo por mail a la Federaci\u00f3n Canaria de H\u00edpica (raid@federacioncanariadehipica.com) o a la RFHE (mnaharro@rfhe.com previa autorizaci\u00f3n de su Federaci\u00f3n territorial). La inscripci\u00f3n es gratuita.<\/p>\n<p>Las plazas son limitadas, en caso de un n\u00famero mayor a la convocatoria la federaci\u00f3n territorial correspondiente seleccionar\u00e1 a sus candidatos. Si hubiera un n\u00famero menor a la convocatoria la participaci\u00f3n se abrir\u00e1 tambi\u00e9n a los adultos.<\/p>\n<p>Cada jinete menor de edad puede asistir acompa\u00f1ado de 1 adulto (padres, tutor o entrenador) #prensaFCH<\/p>\n","protected":false},"excerpt":{"rendered":"<p>Los pr\u00f3ximos 22 y 23 de febrero 2020 se organiza en el Club H\u00edpico Los Migueles, Buzanada, Tenerife, unas jornadas de Tecnificaci\u00f3n de Raid, dirigidas a los J\u00f3venes Jinetes y [&hellip;]<\/p>\n","protected":false},"author":4,"featured_media":7816,"comment_status":"closed","ping_status":"closed","sticky":false,"template":"","format":"standard","meta":{"_acf_changed":false,"_et_pb_use_builder":"","_et_pb_old_content":"","_et_gb_content_width":"","footnotes":""},"categories":[17],"tags":[],"class_list":["post-7818","post","type-post","status-publish","format-standard","has-post-thumbnail","hentry","category-resistencia-ecuestre-raid"],"acf":[],"_links":{"self":[{"href":"https:\/\/federacioncanariadehipica.es\/inicio\/wp-json\/wp\/v2\/posts\/7818","targetHints":{"allow":["GET"]}}],"collection":[{"href":"https:\/\/federacioncanariadehipica.es\/inicio\/wp-json\/wp\/v2\/posts"}],"about":[{"href":"https:\/\/federacioncanariadehipica.es\/inicio\/wp-json\/wp\/v2\/types\/post"}],"author":[{"embeddable":true,"href":"https:\/\/federacioncanariadehipica.es\/inicio\/wp-json\/wp\/v2\/users\/4"}],"replies":[{"embeddable":true,"href":"https:\/\/federacioncanariadehipica.es\/inicio\/wp-json\/wp\/v2\/comments?post=7818"}],"version-history":[{"count":0,"href":"https:\/\/federacioncanariadehipica.es\/inicio\/wp-json\/wp\/v2\/posts\/7818\/revisions"}],"wp:featuredmedia":[{"embeddable":true,"href":"https:\/\/federacioncanariadehipica.es\/inicio\/wp-json\/"}],"wp:attachment":[{"href":"https:\/\/federacioncanariadehipica.es\/inicio\/wp-json\/wp\/v2\/media?parent=7818"}],"wp:term":[{"taxonomy":"category","embeddable":true,"href":"https:\/\/federacioncanariadehipica.es\/inicio\/wp-json\/wp\/v2\/categories?post=7818"},{"taxonomy":"post_tag","embeddable":true,"href":"https:\/\/federacioncanariadehipica.es\/inicio\/wp-json\/wp\/v2\/tags?post=7818"}],"curies":[{"name":"wp","href":"https:\/\/api.w.org\/{rel}","templated":true}]}}