{"id":6146,"date":"2022-11-18T12:04:40","date_gmt":"2022-11-18T12:04:40","guid":{"rendered":"https:\/\/federacioncanariadehipica.es\/inicio\/?p=13296"},"modified":"2023-05-12T10:53:41","modified_gmt":"2023-05-12T09:53:41","slug":"admitida-provisionalmente-la-unica-candidatura-presentada-para-ocupar-el-cargo-de-presidenta-de-la-federacion-canaria-de-hipica-para-los-proximos-4-anos","status":"publish","type":"post","link":"https:\/\/federacioncanariadehipica.es\/inicio\/admitida-provisionalmente-la-unica-candidatura-presentada-para-ocupar-el-cargo-de-presidenta-de-la-federacion-canaria-de-hipica-para-los-proximos-4-anos\/","title":{"rendered":"Admitida provisionalmente la \u00fanica candidatura presentada para ocupar el cargo de Presidenta de la Federaci\u00f3n Canaria de H\u00edpica para los pr\u00f3ximos 4 a\u00f1os"},"content":{"rendered":"<p>[fsn_row][fsn_column width=\u00bb12&#8243;][fsn_text]<\/p>\n<div class=\"x11i5rnm xat24cr x1mh8g0r x1vvkbs xdj266r x126k92a\">\n<div dir=\"auto\">#Elecciones2022 #Documentacion<\/div>\n<div dir=\"auto\"><\/div>\n<\/div>\n<div class=\"x11i5rnm xat24cr x1mh8g0r x1vvkbs xtlvy1s x126k92a\">\n<div dir=\"auto\">Hemos publicado en nuestra p\u00e1gina web oficial el documento que nos ha hecho llegar la #JuntaElectora con la Admisi\u00f3n provisional de las candidaturas para Presidente\/a de la Federaci\u00f3n Canaria de H\u00edpica, admiti\u00e9ndose la #\u00danicaCandidura presentada por Noem\u00ed Carreras Herranz para optar al cargo<\/div>\n<div dir=\"auto\"><\/div>\n<\/div>\n<div class=\"x11i5rnm xat24cr x1mh8g0r x1vvkbs xtlvy1s x126k92a\">\n<div dir=\"auto\">Todo esto lo encontrar\u00e1s en el #MenuPrincipal en nuestra p\u00e1gina web, en el apartado #Elecciones2022 #prensaFCH<\/div>\n<\/div>\n<p>[\/fsn_text][\/fsn_column][\/fsn_row]<\/p>\n","protected":false},"excerpt":{"rendered":"<p>[fsn_row][fsn_column width=\u00bb12&#8243;][fsn_text] #Elecciones2022 #Documentacion Hemos publicado en nuestra p\u00e1gina web oficial el documento que nos ha hecho llegar la #JuntaElectora con la Admisi\u00f3n provisional de las candidaturas para Presidente\/a de [&hellip;]<\/p>\n","protected":false},"author":4,"featured_media":6145,"comment_status":"closed","ping_status":"closed","sticky":false,"template":"","format":"standard","meta":{"_acf_changed":false,"_et_pb_use_builder":"","_et_pb_old_content":"","_et_gb_content_width":"","footnotes":""},"categories":[42],"tags":[],"class_list":["post-6146","post","type-post","status-publish","format-standard","has-post-thumbnail","hentry","category-otras-noticias"],"acf":[],"_links":{"self":[{"href":"https:\/\/federacioncanariadehipica.es\/inicio\/wp-json\/wp\/v2\/posts\/6146","targetHints":{"allow":["GET"]}}],"collection":[{"href":"https:\/\/federacioncanariadehipica.es\/inicio\/wp-json\/wp\/v2\/posts"}],"about":[{"href":"https:\/\/federacioncanariadehipica.es\/inicio\/wp-json\/wp\/v2\/types\/post"}],"author":[{"embeddable":true,"href":"https:\/\/federacioncanariadehipica.es\/inicio\/wp-json\/wp\/v2\/users\/4"}],"replies":[{"embeddable":true,"href":"https:\/\/federacioncanariadehipica.es\/inicio\/wp-json\/wp\/v2\/comments?post=6146"}],"version-history":[{"count":1,"href":"https:\/\/federacioncanariadehipica.es\/inicio\/wp-json\/wp\/v2\/posts\/6146\/revisions"}],"predecessor-version":[{"id":13957,"href":"https:\/\/federacioncanariadehipica.es\/inicio\/wp-json\/wp\/v2\/posts\/6146\/revisions\/13957"}],"wp:featuredmedia":[{"embeddable":true,"href":"https:\/\/federacioncanariadehipica.es\/inicio\/wp-json\/wp\/v2\/media\/6145"}],"wp:attachment":[{"href":"https:\/\/federacioncanariadehipica.es\/inicio\/wp-json\/wp\/v2\/media?parent=6146"}],"wp:term":[{"taxonomy":"category","embeddable":true,"href":"https:\/\/federacioncanariadehipica.es\/inicio\/wp-json\/wp\/v2\/categories?post=6146"},{"taxonomy":"post_tag","embeddable":true,"href":"https:\/\/federacioncanariadehipica.es\/inicio\/wp-json\/wp\/v2\/tags?post=6146"}],"curies":[{"name":"wp","href":"https:\/\/api.w.org\/{rel}","templated":true}]}}