{"id":6100,"date":"2023-03-01T10:00:28","date_gmt":"2023-03-01T10:00:28","guid":{"rendered":"https:\/\/federacioncanariadehipica.es\/inicio\/?p=13418"},"modified":"2023-05-12T10:53:01","modified_gmt":"2023-05-12T09:53:01","slug":"seminario-de-formacion-para-los-tecnicos-deportivos-en-equitacion-en-la-laguna-este-mes-de-marzo","status":"publish","type":"post","link":"https:\/\/federacioncanariadehipica.es\/inicio\/seminario-de-formacion-para-los-tecnicos-deportivos-en-equitacion-en-la-laguna-este-mes-de-marzo\/","title":{"rendered":"Seminario de Formaci\u00f3n para los T\u00e9cnicos Deportivos en Equitaci\u00f3n en La Laguna este mes de marzo"},"content":{"rendered":"<p><span class=\"_5zk7\" spellcheck=\"false\" data-offset-key=\"bmlso-0-0\"><span data-offset-key=\"bmlso-0-0\">#Formaci\u00f3n<\/span><\/span> <span class=\"_5zk7\" spellcheck=\"false\" data-offset-key=\"bmlso-2-0\"><span data-offset-key=\"bmlso-2-0\">#TecnicosDeportivos<\/span><\/span> <span class=\"_5zk7\" spellcheck=\"false\" data-offset-key=\"bmlso-4-0\"><span data-offset-key=\"bmlso-4-0\">#Seminario<\/span><\/span> <span class=\"_5zk7\" spellcheck=\"false\" data-offset-key=\"bmlso-6-0\"><span data-offset-key=\"bmlso-6-0\">#CasaDelGanadero<\/span><\/span> <span class=\"_5zk7\" spellcheck=\"false\" data-offset-key=\"bmlso-8-0\"><span data-offset-key=\"bmlso-8-0\">#LaLaguna<\/span><\/span> <span class=\"_5zk7\" spellcheck=\"false\" data-offset-key=\"bmlso-10-0\"><span data-offset-key=\"bmlso-10-0\">#Tenerife<\/span><\/span> <span class=\"_5zk7\" spellcheck=\"false\" data-offset-key=\"bmlso-12-0\"><span data-offset-key=\"bmlso-12-0\">#11y12Marzo2023<\/span><\/span><\/p>\n<div class=\"\" data-block=\"true\" data-editor=\"agnrd\" data-offset-key=\"8hp0e-0-0\">\n<div class=\"_1mf _1mj\" data-offset-key=\"8hp0e-0-0\"><span data-offset-key=\"8hp0e-0-0\">\u00a0<\/span><\/div>\n<\/div>\n<div class=\"\" data-block=\"true\" data-editor=\"agnrd\" data-offset-key=\"2l1kk-0-0\">\n<div class=\"_1mf _1mj\" data-offset-key=\"2l1kk-0-0\"><span data-offset-key=\"2l1kk-0-0\">La Vocal\u00eda de Formaci\u00f3n de la Federaci\u00f3n Canaria de H\u00edpica nos env\u00eda la siguiente informaci\u00f3n sobre la realizaci\u00f3n de un Seminario dirigido a los T\u00e9cnicos Deportivos en Equitaci\u00f3n que tenemos en Canarias y a los Directores de los diferentes Clubes H\u00edpicos<\/span><\/div>\n<\/div>\n<div class=\"\" data-block=\"true\" data-editor=\"agnrd\" data-offset-key=\"au2bc-0-0\">\n<div class=\"_1mf _1mj\" data-offset-key=\"au2bc-0-0\"><span data-offset-key=\"au2bc-0-0\">\u00a0<\/span><\/div>\n<\/div>\n<div class=\"\" data-block=\"true\" data-editor=\"agnrd\" data-offset-key=\"a4tiq-0-0\">\n<div class=\"_1mf _1mj\" data-offset-key=\"a4tiq-0-0\"><span data-offset-key=\"a4tiq-0-0\">Este Seminario se realizar\u00e1 los pr\u00f3ximos d\u00edas 11 y 12 de marzo en la Casa del Ganadero, en La Laguna<\/span><\/div>\n<\/div>\n<div class=\"\" data-block=\"true\" data-editor=\"agnrd\" data-offset-key=\"5a0sc-0-0\">\n<div class=\"_1mf _1mj\" data-offset-key=\"5a0sc-0-0\"><span data-offset-key=\"5a0sc-0-0\">\u00a0<\/span><\/div>\n<\/div>\n<div class=\"\" data-block=\"true\" data-editor=\"agnrd\" data-offset-key=\"fmrmk-0-0\">\n<div class=\"_1mf _1mj\" data-offset-key=\"fmrmk-0-0\"><span data-offset-key=\"fmrmk-0-0\">Los ponentes ser\u00e1n Gerardo Ortega y Antoni Albert\u00ed Amengual<\/span><\/div>\n<\/div>\n<div class=\"\" data-block=\"true\" data-editor=\"agnrd\" data-offset-key=\"b1oro-0-0\">\n<div class=\"_1mf _1mj\" data-offset-key=\"b1oro-0-0\"><span data-offset-key=\"b1oro-0-0\">\u00a0<\/span><\/div>\n<\/div>\n<div class=\"\" data-block=\"true\" data-editor=\"agnrd\" data-offset-key=\"bvoar-0-0\">\n<div class=\"_1mf _1mj\" data-offset-key=\"bvoar-0-0\"><span data-offset-key=\"bvoar-0-0\">La fecha l\u00edmite para inscribirse es el <\/span><span class=\"_5zk7\" spellcheck=\"false\" data-offset-key=\"bvoar-1-0\"><span data-offset-key=\"bvoar-1-0\">#9Marzo<\/span><\/span><span data-offset-key=\"bvoar-2-0\"> a las 14 horas<\/span><\/div>\n<\/div>\n<div class=\"\" data-block=\"true\" data-editor=\"agnrd\" data-offset-key=\"39f3k-0-0\">\n<div class=\"_1mf _1mj\" data-offset-key=\"39f3k-0-0\"><span data-offset-key=\"39f3k-0-0\">\u00a0<\/span><\/div>\n<\/div>\n<div class=\"\" data-block=\"true\" data-editor=\"agnrd\" data-offset-key=\"40uv9-0-0\">\n<div class=\"_1mf _1mj\" data-offset-key=\"40uv9-0-0\"><span data-offset-key=\"40uv9-0-0\">Mas info en el mail &#8216;formacion@federacioncanariadehipica.com&#8217;<\/span><\/div>\n<\/div>\n","protected":false},"excerpt":{"rendered":"<p>#Formaci\u00f3n #TecnicosDeportivos #Seminario #CasaDelGanadero #LaLaguna #Tenerife #11y12Marzo2023 \u00a0 La Vocal\u00eda de Formaci\u00f3n de la Federaci\u00f3n Canaria de H\u00edpica nos env\u00eda la siguiente informaci\u00f3n sobre la realizaci\u00f3n de un Seminario dirigido [&hellip;]<\/p>\n","protected":false},"author":4,"featured_media":6101,"comment_status":"closed","ping_status":"closed","sticky":false,"template":"","format":"standard","meta":{"_acf_changed":false,"_et_pb_use_builder":"","_et_pb_old_content":"","_et_gb_content_width":"","footnotes":""},"categories":[42],"tags":[],"class_list":["post-6100","post","type-post","status-publish","format-standard","has-post-thumbnail","hentry","category-otras-noticias"],"acf":[],"_links":{"self":[{"href":"https:\/\/federacioncanariadehipica.es\/inicio\/wp-json\/wp\/v2\/posts\/6100","targetHints":{"allow":["GET"]}}],"collection":[{"href":"https:\/\/federacioncanariadehipica.es\/inicio\/wp-json\/wp\/v2\/posts"}],"about":[{"href":"https:\/\/federacioncanariadehipica.es\/inicio\/wp-json\/wp\/v2\/types\/post"}],"author":[{"embeddable":true,"href":"https:\/\/federacioncanariadehipica.es\/inicio\/wp-json\/wp\/v2\/users\/4"}],"replies":[{"embeddable":true,"href":"https:\/\/federacioncanariadehipica.es\/inicio\/wp-json\/wp\/v2\/comments?post=6100"}],"version-history":[{"count":1,"href":"https:\/\/federacioncanariadehipica.es\/inicio\/wp-json\/wp\/v2\/posts\/6100\/revisions"}],"predecessor-version":[{"id":13003,"href":"https:\/\/federacioncanariadehipica.es\/inicio\/wp-json\/wp\/v2\/posts\/6100\/revisions\/13003"}],"wp:featuredmedia":[{"embeddable":true,"href":"https:\/\/federacioncanariadehipica.es\/inicio\/wp-json\/wp\/v2\/media\/6101"}],"wp:attachment":[{"href":"https:\/\/federacioncanariadehipica.es\/inicio\/wp-json\/wp\/v2\/media?parent=6100"}],"wp:term":[{"taxonomy":"category","embeddable":true,"href":"https:\/\/federacioncanariadehipica.es\/inicio\/wp-json\/wp\/v2\/categories?post=6100"},{"taxonomy":"post_tag","embeddable":true,"href":"https:\/\/federacioncanariadehipica.es\/inicio\/wp-json\/wp\/v2\/tags?post=6100"}],"curies":[{"name":"wp","href":"https:\/\/api.w.org\/{rel}","templated":true}]}}