{"id":5988,"date":"2023-03-20T19:00:27","date_gmt":"2023-03-20T19:00:27","guid":{"rendered":"https:\/\/federacioncanariadehipica.es\/inicio\/?p=13449"},"modified":"2023-05-12T10:52:29","modified_gmt":"2023-05-12T09:52:29","slug":"se-celebra-en-tenerife-el-iii-dia-de-las-vias-pecuarias-y-de-los-caminos-publicos-que-recorrera-el-proximo-domingo-26-de-marzo-la-canada-lagunera","status":"publish","type":"post","link":"https:\/\/federacioncanariadehipica.es\/inicio\/se-celebra-en-tenerife-el-iii-dia-de-las-vias-pecuarias-y-de-los-caminos-publicos-que-recorrera-el-proximo-domingo-26-de-marzo-la-canada-lagunera\/","title":{"rendered":"Se celebra en Tenerife el III D\u00eda de las V\u00edas Pecuarias y de los Caminos P\u00fablicos que recorrer\u00e1 el pr\u00f3ximo domingo 26 de marzo la Ca\u00f1ada lagunera"},"content":{"rendered":"<p>#DiaDeLasViasPecuarias #DiaDeLosCaminosPublicos #Ca\u00f1adaLagunera #Tenerife #Domingo #23Marzo #10Horas<\/p>\n<p>Nos pasan la siguiente informaci\u00f3n sobre un evento que se va a celebrar el pr\u00f3ximo domingo 26 de marzo, a partir de las 10:00 horas en Tenerife al cual nos han invitado, al igual que a las diferentes asociaciones y colectivos, clubs y federaciones deportivas y\u00a0ciudadan\u00eda en general para apoyar esta celebraci\u00f3n y reivindicar la recuperaci\u00f3n y el disfrute,\u00a0por parte de la ciudadan\u00eda, de nuestras v\u00edas pecuarias y caminos p\u00fablicos<\/p>\n<p>El recorrido, que se har\u00e1 por la Ca\u00f1ada Lagunera, est\u00e1 abierta a todo tipo de participantes (senderistas, personas a caballo, yuntas de vacas, reba\u00f1os de cabras y ovejas&#8230;) y se realizar\u00e1 desde la Monta\u00f1a El P\u00falpito hasta la Mesa Mota, siendo un recorrido de dificultad baja para que todo aquel que desee realizarla pueda asistir y disfrutar del paseo<\/p>\n<p>Este d\u00eda nace con el prop\u00f3sito de difundir las virtudes y los problemas actuales de las v\u00edas\u00a0pecuarias y los caminos p\u00fablicos, concienciando a la ciudadan\u00eda sobre su importancia y la\u00a0necesidad de su recuperaci\u00f3n, defensa y conservaci\u00f3n<\/p>\n<p>Tambi\u00e9n se reivindica la necesidad de la catalogaci\u00f3n patrimonial del inventario de caminos y\u00a0v\u00edas pecuarias y de su difusi\u00f3n por parte de las administraciones competentes, la falta de\u00a0vigilancia para impedir usos indebidos, la presencia de basura y la necesidad de su limpieza y\u00a0mantenimiento as\u00ed como la denuncia del cierre con infraestructuras p\u00fablicas y privadas\u00a0impidiendo el libre paso y su uso y disfrute a la ciudadan\u00eda<\/p>\n<p>Las v\u00edas pecuarias constituyen un elemento esencial en la ordenaci\u00f3n del territorio, favorecen\u00a0la diversificaci\u00f3n del paisaje, especialmente en los entornos urbanos, fomentan la\u00a0biodiversidad al posibilitar el intercambio gen\u00e9tico de las especies vegetales y animales, y\u00a0constituyen un medio extraordinario para la realizaci\u00f3n de actividades deportivas y culturales<\/p>\n<p>en contacto con la naturaleza con una gran demanda y aceptaci\u00f3n social actualmente, como\u00a0son las rutas a pie, a caballo o en bicicleta<\/p>\n<p>Para una mejor organizaci\u00f3n se agradece confirmar la asistencia al correo electr\u00f3nico &#8216;viaspecuariaspublicas@gmail.com&#8217;<br \/>\n#prensaFCH<\/p>\n","protected":false},"excerpt":{"rendered":"<p>#DiaDeLasViasPecuarias #DiaDeLosCaminosPublicos #Ca\u00f1adaLagunera #Tenerife #Domingo #23Marzo #10Horas Nos pasan la siguiente informaci\u00f3n sobre un evento que se va a celebrar el pr\u00f3ximo domingo 26 de marzo, a partir de las [&hellip;]<\/p>\n","protected":false},"author":4,"featured_media":5990,"comment_status":"closed","ping_status":"closed","sticky":false,"template":"","format":"standard","meta":{"_acf_changed":false,"_et_pb_use_builder":"","_et_pb_old_content":"","_et_gb_content_width":"","footnotes":""},"categories":[42],"tags":[],"class_list":["post-5988","post","type-post","status-publish","format-standard","has-post-thumbnail","hentry","category-otras-noticias"],"acf":[],"_links":{"self":[{"href":"https:\/\/federacioncanariadehipica.es\/inicio\/wp-json\/wp\/v2\/posts\/5988","targetHints":{"allow":["GET"]}}],"collection":[{"href":"https:\/\/federacioncanariadehipica.es\/inicio\/wp-json\/wp\/v2\/posts"}],"about":[{"href":"https:\/\/federacioncanariadehipica.es\/inicio\/wp-json\/wp\/v2\/types\/post"}],"author":[{"embeddable":true,"href":"https:\/\/federacioncanariadehipica.es\/inicio\/wp-json\/wp\/v2\/users\/4"}],"replies":[{"embeddable":true,"href":"https:\/\/federacioncanariadehipica.es\/inicio\/wp-json\/wp\/v2\/comments?post=5988"}],"version-history":[{"count":1,"href":"https:\/\/federacioncanariadehipica.es\/inicio\/wp-json\/wp\/v2\/posts\/5988\/revisions"}],"predecessor-version":[{"id":13001,"href":"https:\/\/federacioncanariadehipica.es\/inicio\/wp-json\/wp\/v2\/posts\/5988\/revisions\/13001"}],"wp:featuredmedia":[{"embeddable":true,"href":"https:\/\/federacioncanariadehipica.es\/inicio\/wp-json\/wp\/v2\/media\/5990"}],"wp:attachment":[{"href":"https:\/\/federacioncanariadehipica.es\/inicio\/wp-json\/wp\/v2\/media?parent=5988"}],"wp:term":[{"taxonomy":"category","embeddable":true,"href":"https:\/\/federacioncanariadehipica.es\/inicio\/wp-json\/wp\/v2\/categories?post=5988"},{"taxonomy":"post_tag","embeddable":true,"href":"https:\/\/federacioncanariadehipica.es\/inicio\/wp-json\/wp\/v2\/tags?post=5988"}],"curies":[{"name":"wp","href":"https:\/\/api.w.org\/{rel}","templated":true}]}}