{"id":5973,"date":"2019-03-13T11:00:41","date_gmt":"2019-03-13T11:00:41","guid":{"rendered":"http:\/\/federacioncanariadehipica.es\/inicio\/?p=5973"},"modified":"2023-05-12T11:05:37","modified_gmt":"2023-05-12T10:05:37","slug":"entrevista-al-presidente-de-la-federacion-canaria-de-hipica-en-ciee-radio","status":"publish","type":"post","link":"https:\/\/federacioncanariadehipica.es\/inicio\/entrevista-al-presidente-de-la-federacion-canaria-de-hipica-en-ciee-radio\/","title":{"rendered":"Entrevista al Presidente de la Federaci\u00f3n Canaria de H\u00edpica en CIEE Radio"},"content":{"rendered":"<p>Buenos d\u00edas a tod@s.<\/p>\n<p>Esta ma\u00f1ana te dejamos el enlace a una entrevista radiof\u00f3nica que, desde CIEE RADIO\u200b le han hecho a nuestro Presidente, Rafael G\u00f3mez Romero hace un par de d\u00edas y donde habla de la actualidad de la H\u00edpica en Canarias<\/p>\n<p>#prensaFCH<\/p>\n<p><a href=\"https:\/\/www.ivoox.com\/entrevista-al-presidente-federacion-canaria-de-audios-mp3_rf_33281197_1.html\" target=\"_blank\" rel=\"noopener\">https:\/\/www.ivoox.com\/entrevista-al-presidente-federacion-canaria-de-audios-mp3_rf_33281197_1.html<\/a><\/p>\n","protected":false},"excerpt":{"rendered":"<p>Buenos d\u00edas a tod@s. Esta ma\u00f1ana te dejamos el enlace a una entrevista radiof\u00f3nica que, desde CIEE RADIO\u200b le han hecho a nuestro Presidente, Rafael G\u00f3mez Romero hace un par [&hellip;]<\/p>\n","protected":false},"author":4,"featured_media":2265,"comment_status":"closed","ping_status":"closed","sticky":false,"template":"","format":"standard","meta":{"_acf_changed":false,"_et_pb_use_builder":"","_et_pb_old_content":"","_et_gb_content_width":"","footnotes":""},"categories":[42],"tags":[],"class_list":["post-5973","post","type-post","status-publish","format-standard","has-post-thumbnail","hentry","category-otras-noticias"],"acf":[],"_links":{"self":[{"href":"https:\/\/federacioncanariadehipica.es\/inicio\/wp-json\/wp\/v2\/posts\/5973","targetHints":{"allow":["GET"]}}],"collection":[{"href":"https:\/\/federacioncanariadehipica.es\/inicio\/wp-json\/wp\/v2\/posts"}],"about":[{"href":"https:\/\/federacioncanariadehipica.es\/inicio\/wp-json\/wp\/v2\/types\/post"}],"author":[{"embeddable":true,"href":"https:\/\/federacioncanariadehipica.es\/inicio\/wp-json\/wp\/v2\/users\/4"}],"replies":[{"embeddable":true,"href":"https:\/\/federacioncanariadehipica.es\/inicio\/wp-json\/wp\/v2\/comments?post=5973"}],"version-history":[{"count":1,"href":"https:\/\/federacioncanariadehipica.es\/inicio\/wp-json\/wp\/v2\/posts\/5973\/revisions"}],"predecessor-version":[{"id":14048,"href":"https:\/\/federacioncanariadehipica.es\/inicio\/wp-json\/wp\/v2\/posts\/5973\/revisions\/14048"}],"wp:featuredmedia":[{"embeddable":true,"href":"https:\/\/federacioncanariadehipica.es\/inicio\/wp-json\/"}],"wp:attachment":[{"href":"https:\/\/federacioncanariadehipica.es\/inicio\/wp-json\/wp\/v2\/media?parent=5973"}],"wp:term":[{"taxonomy":"category","embeddable":true,"href":"https:\/\/federacioncanariadehipica.es\/inicio\/wp-json\/wp\/v2\/categories?post=5973"},{"taxonomy":"post_tag","embeddable":true,"href":"https:\/\/federacioncanariadehipica.es\/inicio\/wp-json\/wp\/v2\/tags?post=5973"}],"curies":[{"name":"wp","href":"https:\/\/api.w.org\/{rel}","templated":true}]}}