{"id":5529,"date":"2019-02-01T19:30:18","date_gmt":"2019-02-01T19:30:18","guid":{"rendered":"http:\/\/federacioncanariadehipica.es\/inicio\/?p=5529"},"modified":"2023-05-12T11:08:44","modified_gmt":"2023-05-12T10:08:44","slug":"la-federacion-canaria-de-hipica-estrena-su-canal-de-youtube-para-esta-temporada","status":"publish","type":"post","link":"https:\/\/federacioncanariadehipica.es\/inicio\/la-federacion-canaria-de-hipica-estrena-su-canal-de-youtube-para-esta-temporada\/","title":{"rendered":"La Federaci\u00f3n Canaria de H\u00edpica estrena su canal de YouTube para esta temporada"},"content":{"rendered":"<p>\u00a1Estamos de #ESTRENO!<\/p>\n<p>La #Federaci\u00f3nCanariadeH\u00edpica abre su #Canal de #YouTube donde se intentar\u00e1 colgar algunos de los v\u00eddeos de las competiciones que se vayan celebrando a lo largo de la temporada.<\/p>\n<p>Y para estrenarlo te dejamos un resumen de la #1\u00aaGalaDelDeporteHipico #prensaFCH<\/p>\n<p><iframe loading=\"lazy\" title=\"1\u00aa GALA DEL DEPORTE H\u00cdPICO DE LA FEDERACI\u00d3N CANARIA DE H\u00cdPICA\" width=\"1080\" height=\"608\" src=\"https:\/\/www.youtube.com\/embed\/Y_7XwLY1vZ8?feature=oembed\"  allow=\"accelerometer; autoplay; clipboard-write; encrypted-media; gyroscope; picture-in-picture; web-share\" allowfullscreen><\/iframe><\/p>\n","protected":false},"excerpt":{"rendered":"<p>\u00a1Estamos de #ESTRENO! La #Federaci\u00f3nCanariadeH\u00edpica abre su #Canal de #YouTube donde se intentar\u00e1 colgar algunos de los v\u00eddeos de las competiciones que se vayan celebrando a lo largo de la [&hellip;]<\/p>\n","protected":false},"author":4,"featured_media":5532,"comment_status":"closed","ping_status":"closed","sticky":false,"template":"","format":"standard","meta":{"_acf_changed":false,"_et_pb_use_builder":"","_et_pb_old_content":"","_et_gb_content_width":"","footnotes":""},"categories":[42],"tags":[],"class_list":["post-5529","post","type-post","status-publish","format-standard","has-post-thumbnail","hentry","category-otras-noticias"],"acf":[],"_links":{"self":[{"href":"https:\/\/federacioncanariadehipica.es\/inicio\/wp-json\/wp\/v2\/posts\/5529","targetHints":{"allow":["GET"]}}],"collection":[{"href":"https:\/\/federacioncanariadehipica.es\/inicio\/wp-json\/wp\/v2\/posts"}],"about":[{"href":"https:\/\/federacioncanariadehipica.es\/inicio\/wp-json\/wp\/v2\/types\/post"}],"author":[{"embeddable":true,"href":"https:\/\/federacioncanariadehipica.es\/inicio\/wp-json\/wp\/v2\/users\/4"}],"replies":[{"embeddable":true,"href":"https:\/\/federacioncanariadehipica.es\/inicio\/wp-json\/wp\/v2\/comments?post=5529"}],"version-history":[{"count":1,"href":"https:\/\/federacioncanariadehipica.es\/inicio\/wp-json\/wp\/v2\/posts\/5529\/revisions"}],"predecessor-version":[{"id":14069,"href":"https:\/\/federacioncanariadehipica.es\/inicio\/wp-json\/wp\/v2\/posts\/5529\/revisions\/14069"}],"wp:featuredmedia":[{"embeddable":true,"href":"https:\/\/federacioncanariadehipica.es\/inicio\/wp-json\/"}],"wp:attachment":[{"href":"https:\/\/federacioncanariadehipica.es\/inicio\/wp-json\/wp\/v2\/media?parent=5529"}],"wp:term":[{"taxonomy":"category","embeddable":true,"href":"https:\/\/federacioncanariadehipica.es\/inicio\/wp-json\/wp\/v2\/categories?post=5529"},{"taxonomy":"post_tag","embeddable":true,"href":"https:\/\/federacioncanariadehipica.es\/inicio\/wp-json\/wp\/v2\/tags?post=5529"}],"curies":[{"name":"wp","href":"https:\/\/api.w.org\/{rel}","templated":true}]}}