{"id":5264,"date":"2019-01-20T23:30:43","date_gmt":"2019-01-20T23:30:43","guid":{"rendered":"http:\/\/federacioncanariadehipica.es\/inicio\/?p=5264"},"modified":"2023-05-12T11:09:05","modified_gmt":"2023-05-12T10:09:05","slug":"se-entregaron-mas-de-20-mil-euros-en-premios-en-la-1a-gala-del-deporte-hipico-celebrado-el-pasado-sabado-19-de-enero-en-santa-cruz-de-tenerife","status":"publish","type":"post","link":"https:\/\/federacioncanariadehipica.es\/inicio\/se-entregaron-mas-de-20-mil-euros-en-premios-en-la-1a-gala-del-deporte-hipico-celebrado-el-pasado-sabado-19-de-enero-en-santa-cruz-de-tenerife\/","title":{"rendered":"Se entregaron mas de 20 mil euros en premios en la 1\u00aa Gala del Deporte H\u00edpico celebrado el pasado s\u00e1bado 19 de enero en Santa Cruz de Tenerife"},"content":{"rendered":"<div class=\"\" data-block=\"true\" data-editor=\"7ogdc\" data-offset-key=\"5par4-0-0\">\n<div data-offset-key=\"5par4-0-0\"><img loading=\"lazy\" decoding=\"async\" class=\"aligncenter wp-image-5265 size-full\" src=\"http:\/\/federacioncanariadehipica.es\/inicio\/wp-content\/uploads\/2019\/01\/P3C5614.jpg\" alt=\"\" width=\"933\" height=\"622\"><\/div>\n<div data-offset-key=\"5par4-0-0\"><\/div>\n<div class=\"_1mf _1mj\" data-offset-key=\"5par4-0-0\"><span data-offset-key=\"5par4-0-0\">En la tarde del s\u00e1bado 19 de enero de 2019 se celebr\u00f3, en la Sala \u00c9bano, de Santa Cruz de Tenerife, la 1\u00aa Gala del Deporte H\u00edpico.<\/span><\/div>\n<\/div>\n<div class=\"\" data-block=\"true\" data-editor=\"7ogdc\" data-offset-key=\"aqaor-0-0\">\n<div class=\"_1mf _1mj\" data-offset-key=\"aqaor-0-0\"><span data-offset-key=\"aqaor-0-0\">\u00a0<\/span><\/div>\n<\/div>\n<div class=\"\" data-block=\"true\" data-editor=\"7ogdc\" data-offset-key=\"4sv72-0-0\">\n<div class=\"_1mf _1mj\" data-offset-key=\"4sv72-0-0\"><span data-offset-key=\"4sv72-0-0\">Cont\u00f3 con la presencia de los casi 140 premiados, clasificados en los primeros puestos tanto de las Ligas como de los Campeonatos de Canarias de las disciplinas de Doma Cl\u00e1sica, Salto de Obst\u00e1culos y Resistencia Ecuestre.<\/span><\/div>\n<\/div>\n<div class=\"\" data-block=\"true\" data-editor=\"7ogdc\" data-offset-key=\"84foh-0-0\">\n<div class=\"_1mf _1mj\" data-offset-key=\"84foh-0-0\"><span data-offset-key=\"84foh-0-0\">\u00a0<\/span><\/div>\n<\/div>\n<div class=\"\" data-block=\"true\" data-editor=\"7ogdc\" data-offset-key=\"9oqv1-0-0\">\n<div class=\"_1mf _1mj\" data-offset-key=\"9oqv1-0-0\"><span data-offset-key=\"9oqv1-0-0\">Tambi\u00e9n tuvimos, desde la Federaci\u00f3n Canaria de H\u00edpica, la ocasi\u00f3n de reconocer el trabajo tan extraordinario que se est\u00e1 realizando desde la isla de La Palma con las Carreras Tradicionales sobre Asfalto y el impulso de nuevo a la disciplina de Raid, de la mano de SODEPAL y, en particular, de Jordi P\u00e9rez Camacho, quien recibi\u00f3 de la mano del Presidente de la FCH, Rafael G\u00f3mez Romero, una placa en este acto oficial.<\/span><\/div>\n<\/div>\n<div class=\"\" data-block=\"true\" data-editor=\"7ogdc\" data-offset-key=\"coupn-0-0\">\n<div class=\"_1mf _1mj\" data-offset-key=\"coupn-0-0\"><span data-offset-key=\"coupn-0-0\">\u00a0<\/span><\/div>\n<\/div>\n<div class=\"\" data-block=\"true\" data-editor=\"7ogdc\" data-offset-key=\"5ia0j-0-0\">\n<div class=\"_1mf _1mj\" data-offset-key=\"5ia0j-0-0\"><span data-offset-key=\"5ia0j-0-0\">Los premios, m\u00e1s de 20.000 \u20ac en total, fueron entregados por el Director General de Deportes del Gobierno de Canarias, que entreg\u00f3 todos los cheques y diplomas correspondientes a todos los Campeones de Canarias de la temporada 2018, don Jos\u00e9 Francisco P\u00e9rez Mart\u00edn. Le acompa\u00f1aron la Consejera del Excmo. Cabildo de Tenerife, do\u00f1a Mar\u00eda del Cristo P\u00e9rez Zamora, el Consejero de Promoci\u00f3n Econ\u00f3mica, Empleo, Comercio, Industria, Energ\u00eda y Transporte de SODEPAL (Sociedad de Promoci\u00f3n y Desarrollo de la Isla de La Palma), don Jordi P\u00e9rez Camacho y el Director T\u00e9cnico del Servicio de Deportes del Ayuntamiento de Santa Cruz de Tenerife, don Jordi Bercedo. <\/span><\/div>\n<\/div>\n<div class=\"\" data-block=\"true\" data-editor=\"7ogdc\" data-offset-key=\"2mmmr-0-0\">\n<div class=\"_1mf _1mj\" data-offset-key=\"2mmmr-0-0\"><span data-offset-key=\"2mmmr-0-0\">\u00a0<\/span><\/div>\n<\/div>\n<div class=\"\" data-block=\"true\" data-editor=\"7ogdc\" data-offset-key=\"dqti6-0-0\">\n<div class=\"_1mf _1mj\" data-offset-key=\"dqti6-0-0\"><span data-offset-key=\"dqti6-0-0\">La Gala transcurri\u00f3 a lo largo de casi hora y media de forma din\u00e1mica y muy profesional de la mano de la periodista y presidenta de la APDF (Asociaci\u00f3n Por El Deporte Femenino), Laura Castro para dar paso a un brindis para finalizar la jornada.<\/span><\/div>\n<div data-offset-key=\"dqti6-0-0\"><\/div>\n<\/div>\n<div data-offset-key=\"dqti6-0-0\">En nuestra p\u00e1gina Facebook hemos creado un \u00c1lbum de Fotos de esta 1\u00aa Gala del Deporte H\u00edpico. \u00a1P\u00e1sate a verla!<\/div>\n<div class=\"\" data-block=\"true\" data-editor=\"7ogdc\" data-offset-key=\"dqti6-0-0\">\n<div data-offset-key=\"dqti6-0-0\"><\/div>\n<div data-offset-key=\"dqti6-0-0\">#prensaFCH<\/div>\n<\/div>\n","protected":false},"excerpt":{"rendered":"<p>En la tarde del s\u00e1bado 19 de enero de 2019 se celebr\u00f3, en la Sala \u00c9bano, de Santa Cruz de Tenerife, la 1\u00aa Gala del Deporte H\u00edpico. \u00a0 Cont\u00f3 con [&hellip;]<\/p>\n","protected":false},"author":4,"featured_media":5265,"comment_status":"closed","ping_status":"closed","sticky":false,"template":"","format":"standard","meta":{"_acf_changed":false,"_et_pb_use_builder":"","_et_pb_old_content":"","_et_gb_content_width":"","footnotes":""},"categories":[42],"tags":[],"class_list":["post-5264","post","type-post","status-publish","format-standard","has-post-thumbnail","hentry","category-otras-noticias"],"acf":[],"_links":{"self":[{"href":"https:\/\/federacioncanariadehipica.es\/inicio\/wp-json\/wp\/v2\/posts\/5264","targetHints":{"allow":["GET"]}}],"collection":[{"href":"https:\/\/federacioncanariadehipica.es\/inicio\/wp-json\/wp\/v2\/posts"}],"about":[{"href":"https:\/\/federacioncanariadehipica.es\/inicio\/wp-json\/wp\/v2\/types\/post"}],"author":[{"embeddable":true,"href":"https:\/\/federacioncanariadehipica.es\/inicio\/wp-json\/wp\/v2\/users\/4"}],"replies":[{"embeddable":true,"href":"https:\/\/federacioncanariadehipica.es\/inicio\/wp-json\/wp\/v2\/comments?post=5264"}],"version-history":[{"count":1,"href":"https:\/\/federacioncanariadehipica.es\/inicio\/wp-json\/wp\/v2\/posts\/5264\/revisions"}],"predecessor-version":[{"id":14073,"href":"https:\/\/federacioncanariadehipica.es\/inicio\/wp-json\/wp\/v2\/posts\/5264\/revisions\/14073"}],"wp:featuredmedia":[{"embeddable":true,"href":"https:\/\/federacioncanariadehipica.es\/inicio\/wp-json\/wp\/v2\/media\/5265"}],"wp:attachment":[{"href":"https:\/\/federacioncanariadehipica.es\/inicio\/wp-json\/wp\/v2\/media?parent=5264"}],"wp:term":[{"taxonomy":"category","embeddable":true,"href":"https:\/\/federacioncanariadehipica.es\/inicio\/wp-json\/wp\/v2\/categories?post=5264"},{"taxonomy":"post_tag","embeddable":true,"href":"https:\/\/federacioncanariadehipica.es\/inicio\/wp-json\/wp\/v2\/tags?post=5264"}],"curies":[{"name":"wp","href":"https:\/\/api.w.org\/{rel}","templated":true}]}}