{"id":4690,"date":"2018-10-11T11:23:39","date_gmt":"2018-10-11T10:23:39","guid":{"rendered":"http:\/\/federacioncanariadehipica.es\/inicio\/?p=4690"},"modified":"2023-05-12T11:12:12","modified_gmt":"2023-05-12T10:12:12","slug":"todo-listo-para-una-nueva-edicion-del-campeonato-de-canarias-de-doma-clasica-que-se-celebrara-a-partir-de-manana-viernes-12-de-octubre-y-durante-todo-el-fin-de-semana-en-las-instalaciones-del-real-clu","status":"publish","type":"post","link":"https:\/\/federacioncanariadehipica.es\/inicio\/todo-listo-para-una-nueva-edicion-del-campeonato-de-canarias-de-doma-clasica-que-se-celebrara-a-partir-de-manana-viernes-12-de-octubre-y-durante-todo-el-fin-de-semana-en-las-instalaciones-del-real-clu\/","title":{"rendered":"Todo listo para una nueva edici\u00f3n del Campeonato de Canarias de Doma Cl\u00e1sica que se celebrar\u00e1 a partir de ma\u00f1ana viernes 12 de octubre y durante todo el fin de semana en las instalaciones del Real Club de Golf de Las Palmas de Gran Canaria, en Bandama"},"content":{"rendered":"<p><a class=\"_58cn\" href=\"https:\/\/www.facebook.com\/hashtag\/domaclasica\" data-ft=\"{&quot;type&quot;:104,&quot;tn&quot;:&quot;*N&quot;}\" target=\"_blank\" rel=\"noopener\">#DomaClasica<\/a>\u00a0<a class=\"_58cn\" href=\"https:\/\/www.facebook.com\/hashtag\/campeonatodecanarias\" data-ft=\"{&quot;type&quot;:104,&quot;tn&quot;:&quot;*N&quot;}\" target=\"_blank\" rel=\"noopener\">#CampeonatoDeCanarias<\/a><a class=\"_58cn\" href=\"https:\/\/www.facebook.com\/hashtag\/bandama\" data-ft=\"{&quot;type&quot;:104,&quot;tn&quot;:&quot;*N&quot;}\" target=\"_blank\" rel=\"noopener\">#Bandama<\/a>\u00a0<a class=\"_58cn\" href=\"https:\/\/www.facebook.com\/hashtag\/grancanaria\" data-ft=\"{&quot;type&quot;:104,&quot;tn&quot;:&quot;*N&quot;}\" target=\"_blank\" rel=\"noopener\">#GranCanaria<\/a>\u00a0#12,13y14Octubre<\/p>\n<p>Empezamos ma\u00f1ana viernes 12 de octubre a partir de las 10 de la ma\u00f1ana y durante todo el fin de semana, con ENTRADA GRATUITA para todo el que quiera pasar por las instalaciones del Real Club de Golf de Las Palmas de Gran Canaria, en Bandama<\/p>\n<p>Utilizaremos nuestro\u00a0<a class=\"_58cn\" href=\"https:\/\/www.facebook.com\/hashtag\/hashtag\" data-ft=\"{&quot;type&quot;:104,&quot;tn&quot;:&quot;*N&quot;}\" target=\"_blank\" rel=\"noopener\">#Hashtag<\/a>\u00a0<a class=\"_58cn\" href=\"https:\/\/www.facebook.com\/hashtag\/candressage2018\" data-ft=\"{&quot;type&quot;:104,&quot;tn&quot;:&quot;*N&quot;}\" target=\"_blank\" rel=\"noopener\">#CanDressage2018<\/a><\/p>\n<p><a class=\"_58cn\" href=\"https:\/\/www.facebook.com\/hashtag\/yaquedamenos\" data-ft=\"{&quot;type&quot;:104,&quot;tn&quot;:&quot;*N&quot;}\" target=\"_blank\" rel=\"noopener\">#YaQuedaMenos<\/a><\/p>\n<p><a class=\"_58cn\" href=\"https:\/\/www.facebook.com\/hashtag\/prensafch\" data-ft=\"{&quot;type&quot;:104,&quot;tn&quot;:&quot;*N&quot;}\" target=\"_blank\" rel=\"noopener\">#prensaFCH<\/a><\/p>\n","protected":false},"excerpt":{"rendered":"<p>#DomaClasica\u00a0#CampeonatoDeCanarias#Bandama\u00a0#GranCanaria\u00a0#12,13y14Octubre Empezamos ma\u00f1ana viernes 12 de octubre a partir de las 10 de la ma\u00f1ana y durante todo el fin de semana, con ENTRADA GRATUITA para todo el que quiera [&hellip;]<\/p>\n","protected":false},"author":4,"featured_media":4689,"comment_status":"closed","ping_status":"closed","sticky":false,"template":"","format":"standard","meta":{"_acf_changed":false,"_et_pb_use_builder":"","_et_pb_old_content":"","_et_gb_content_width":"","footnotes":""},"categories":[42],"tags":[],"class_list":["post-4690","post","type-post","status-publish","format-standard","has-post-thumbnail","hentry","category-otras-noticias"],"acf":[],"_links":{"self":[{"href":"https:\/\/federacioncanariadehipica.es\/inicio\/wp-json\/wp\/v2\/posts\/4690","targetHints":{"allow":["GET"]}}],"collection":[{"href":"https:\/\/federacioncanariadehipica.es\/inicio\/wp-json\/wp\/v2\/posts"}],"about":[{"href":"https:\/\/federacioncanariadehipica.es\/inicio\/wp-json\/wp\/v2\/types\/post"}],"author":[{"embeddable":true,"href":"https:\/\/federacioncanariadehipica.es\/inicio\/wp-json\/wp\/v2\/users\/4"}],"replies":[{"embeddable":true,"href":"https:\/\/federacioncanariadehipica.es\/inicio\/wp-json\/wp\/v2\/comments?post=4690"}],"version-history":[{"count":1,"href":"https:\/\/federacioncanariadehipica.es\/inicio\/wp-json\/wp\/v2\/posts\/4690\/revisions"}],"predecessor-version":[{"id":14099,"href":"https:\/\/federacioncanariadehipica.es\/inicio\/wp-json\/wp\/v2\/posts\/4690\/revisions\/14099"}],"wp:featuredmedia":[{"embeddable":true,"href":"https:\/\/federacioncanariadehipica.es\/inicio\/wp-json\/"}],"wp:attachment":[{"href":"https:\/\/federacioncanariadehipica.es\/inicio\/wp-json\/wp\/v2\/media?parent=4690"}],"wp:term":[{"taxonomy":"category","embeddable":true,"href":"https:\/\/federacioncanariadehipica.es\/inicio\/wp-json\/wp\/v2\/categories?post=4690"},{"taxonomy":"post_tag","embeddable":true,"href":"https:\/\/federacioncanariadehipica.es\/inicio\/wp-json\/wp\/v2\/tags?post=4690"}],"curies":[{"name":"wp","href":"https:\/\/api.w.org\/{rel}","templated":true}]}}