{"id":4564,"date":"2018-09-17T22:02:04","date_gmt":"2018-09-17T21:02:04","guid":{"rendered":"http:\/\/federacioncanariadehipica.es\/inicio\/?p=4564"},"modified":"2023-05-12T11:13:12","modified_gmt":"2023-05-12T10:13:12","slug":"elegidos-los-dos-seleccionadores-para-el-campeonato-de-canarias-de-raid-2018-por-equipos-que-se-celebrara-este-sabado-22-en-brena-baja-la-palma","status":"publish","type":"post","link":"https:\/\/federacioncanariadehipica.es\/inicio\/elegidos-los-dos-seleccionadores-para-el-campeonato-de-canarias-de-raid-2018-por-equipos-que-se-celebrara-este-sabado-22-en-brena-baja-la-palma\/","title":{"rendered":"Elegidos los dos Seleccionadores para el Campeonato de Canarias de Raid 2018 por Equipos que se celebrar\u00e1 este s\u00e1bado 22 en Bre\u00f1a Baja, La Palma"},"content":{"rendered":"<p dir=\"ltr\"><b>#ResistenciaEcuestre<\/b> <b>#CampeonatoDeCanariasAbsoluto<\/b> <b>#120kms<\/b> <b>#IVRaidLaPalmaEcuestreBre\u00f1aBajaMagica<\/b> <b>#LaPalma<\/b> <b>#22Septiembre<\/b><\/p>\n<p dir=\"ltr\"><b>#CampeonatoPorEquipos<\/b><\/p>\n<p dir=\"ltr\">Ya tenemos designados a los 2 <b>#Seleccionadores<\/b> de ambas islas. Por parte de <b>#Tenerife<\/b> sera Domingo de la Rosa Perera; por parte de #LaPalma sera Luis Perez Perez.<\/p>\n<p dir=\"ltr\">Ambos escogeran en la tarde del viernes 21, despu\u00e9s de que todos los participantes hayan pasado el <b>#ControlPrevio<\/b> en <b>#LaHoyaDelRehielo<\/b>, a los componentes de cada Selecci\u00f3n que representar\u00e1n a cada isla en la carrera del s\u00e1bado.<\/p>\n<p dir=\"ltr\">Ser\u00e1 un binomio por cada categor\u00eda de las que se van a correr <b>#Excepto<\/b> de la categor\u00eda reina, el <b>#120kilometros<\/b>.<\/p>\n<p dir=\"ltr\">Quedar\u00e1n as\u00ed las Selecciones formadas por 4 binomios (CEN* 80kms, CET0* 80kms, CET 60kms y CET 40kms) m\u00e1s su entrenador los que se jugar\u00e1n una temporada m\u00e1s el oro y la plata por <b>#Equipos<\/b> de este nuevo Campeonato de Canarias 2018<\/p>\n<p dir=\"ltr\"><b>#prensaFCH<\/b><\/p>\n","protected":false},"excerpt":{"rendered":"<p>#ResistenciaEcuestre #CampeonatoDeCanariasAbsoluto #120kms #IVRaidLaPalmaEcuestreBre\u00f1aBajaMagica #LaPalma #22Septiembre #CampeonatoPorEquipos Ya tenemos designados a los 2 #Seleccionadores de ambas islas. Por parte de #Tenerife sera Domingo de la Rosa Perera; por parte de [&hellip;]<\/p>\n","protected":false},"author":4,"featured_media":4563,"comment_status":"closed","ping_status":"closed","sticky":false,"template":"","format":"standard","meta":{"_acf_changed":false,"_et_pb_use_builder":"","_et_pb_old_content":"","_et_gb_content_width":"","footnotes":""},"categories":[42],"tags":[],"class_list":["post-4564","post","type-post","status-publish","format-standard","has-post-thumbnail","hentry","category-otras-noticias"],"acf":[],"_links":{"self":[{"href":"https:\/\/federacioncanariadehipica.es\/inicio\/wp-json\/wp\/v2\/posts\/4564","targetHints":{"allow":["GET"]}}],"collection":[{"href":"https:\/\/federacioncanariadehipica.es\/inicio\/wp-json\/wp\/v2\/posts"}],"about":[{"href":"https:\/\/federacioncanariadehipica.es\/inicio\/wp-json\/wp\/v2\/types\/post"}],"author":[{"embeddable":true,"href":"https:\/\/federacioncanariadehipica.es\/inicio\/wp-json\/wp\/v2\/users\/4"}],"replies":[{"embeddable":true,"href":"https:\/\/federacioncanariadehipica.es\/inicio\/wp-json\/wp\/v2\/comments?post=4564"}],"version-history":[{"count":1,"href":"https:\/\/federacioncanariadehipica.es\/inicio\/wp-json\/wp\/v2\/posts\/4564\/revisions"}],"predecessor-version":[{"id":14107,"href":"https:\/\/federacioncanariadehipica.es\/inicio\/wp-json\/wp\/v2\/posts\/4564\/revisions\/14107"}],"wp:featuredmedia":[{"embeddable":true,"href":"https:\/\/federacioncanariadehipica.es\/inicio\/wp-json\/"}],"wp:attachment":[{"href":"https:\/\/federacioncanariadehipica.es\/inicio\/wp-json\/wp\/v2\/media?parent=4564"}],"wp:term":[{"taxonomy":"category","embeddable":true,"href":"https:\/\/federacioncanariadehipica.es\/inicio\/wp-json\/wp\/v2\/categories?post=4564"},{"taxonomy":"post_tag","embeddable":true,"href":"https:\/\/federacioncanariadehipica.es\/inicio\/wp-json\/wp\/v2\/tags?post=4564"}],"curies":[{"name":"wp","href":"https:\/\/api.w.org\/{rel}","templated":true}]}}