{"id":4321,"date":"2018-07-21T15:15:57","date_gmt":"2018-07-21T14:15:57","guid":{"rendered":"http:\/\/federacioncanariadehipica.es\/inicio\/?p=4321"},"modified":"2023-05-12T11:17:06","modified_gmt":"2023-05-12T10:17:06","slug":"resultados-provisionales-del-ii-raid-el-risco-celebrado-hoy-sabado-21-de-julio-en-tenerife","status":"publish","type":"post","link":"https:\/\/federacioncanariadehipica.es\/inicio\/resultados-provisionales-del-ii-raid-el-risco-celebrado-hoy-sabado-21-de-julio-en-tenerife\/","title":{"rendered":"Resultados Provisionales del II Raid El Risco celebrado hoy sabado 21 de julio en Tenerife"},"content":{"rendered":"<hr \/>\n<p><a class=\"\" href=\"https:\/\/www.instagram.com\/explore\/tags\/resultadosprovisionales\/\" target=\"_blank\" rel=\"noopener\">#ResultadosProvisionales<\/a>\u00a0<a class=\"\" href=\"https:\/\/www.instagram.com\/explore\/tags\/iiraidelrisco\/\" target=\"_blank\" rel=\"noopener\">#IIRaidElRisco<\/a>\u00a0<a class=\"\" href=\"https:\/\/www.instagram.com\/explore\/tags\/tenerife\/\" target=\"_blank\" rel=\"noopener\">#Tenerife\u00a0<\/a><a class=\"\" href=\"https:\/\/www.instagram.com\/explore\/tags\/sabado21julio\/\" target=\"_blank\" rel=\"noopener\">#Sabado21Julio<\/a><br \/>\n.<br \/>\nCEN* 80 kil\u00f3metros<br \/>\n1. Juan Mesa con Obama (y Best Condition)<br \/>\n2. Jerem\u00edas Marrero con Candelario<br \/>\n3. Noem\u00ed Carreras con Kaiser<br \/>\n.<br \/>\nCET0* 80 kil\u00f3metros<br \/>\n1. Nicole Rodr\u00edguez con Banot<br \/>\n2. Nazaret Marrero con New Hope (BC)<br \/>\n.<br \/>\nCETP60 kil\u00f3metros<br \/>\nBorja Hern\u00e1ndez con Tabera (BC)<br \/>\nPaloma Ruiz con Granada<br \/>\nAmanda \u00c1lvarez con Iaia<br \/>\n.<br \/>\nCETP40 kil\u00f3metros<br \/>\nEmilio Dom\u00ednguez Gorr\u00edn con Caribe (BC)<br \/>\nJonathan Ramos con Imperio<br \/>\nLaura Cedres con Tahirum<br \/>\nGabriela Mart\u00edn con Amal JS<br \/>\nAlvaro Dorta con Quitasue\u00f1o<br \/>\nV\u00edctor de Paz con Escarlata<br \/>\nMarta Hern\u00e1ndez con Galanta J<br \/>\nAlejandra Bahamonde con Shannag<br \/>\n.<br \/>\nCET Iniciaci\u00f3n 20 kil\u00f3metros<br \/>\nSof\u00eda Mesa con Animosa<br \/>\nJavier Mesa con Calypso (BC)<br \/>\nDaniela Prendes con Rebujito<br \/>\nNuria Gonz\u00e1lez con Candelario<br \/>\n<a class=\"\" href=\"https:\/\/www.instagram.com\/explore\/tags\/prensafch\/\" target=\"_blank\" rel=\"noopener\">#prensaFCH<\/a><\/p>\n","protected":false},"excerpt":{"rendered":"<p>#ResultadosProvisionales\u00a0#IIRaidElRisco\u00a0#Tenerife\u00a0#Sabado21Julio . CEN* 80 kil\u00f3metros 1. Juan Mesa con Obama (y Best Condition) 2. Jerem\u00edas Marrero con Candelario 3. Noem\u00ed Carreras con Kaiser . CET0* 80 kil\u00f3metros 1. Nicole Rodr\u00edguez [&hellip;]<\/p>\n","protected":false},"author":4,"featured_media":4322,"comment_status":"closed","ping_status":"closed","sticky":false,"template":"","format":"standard","meta":{"_acf_changed":false,"_et_pb_use_builder":"","_et_pb_old_content":"","_et_gb_content_width":"","footnotes":""},"categories":[42],"tags":[],"class_list":["post-4321","post","type-post","status-publish","format-standard","has-post-thumbnail","hentry","category-otras-noticias"],"acf":[],"_links":{"self":[{"href":"https:\/\/federacioncanariadehipica.es\/inicio\/wp-json\/wp\/v2\/posts\/4321","targetHints":{"allow":["GET"]}}],"collection":[{"href":"https:\/\/federacioncanariadehipica.es\/inicio\/wp-json\/wp\/v2\/posts"}],"about":[{"href":"https:\/\/federacioncanariadehipica.es\/inicio\/wp-json\/wp\/v2\/types\/post"}],"author":[{"embeddable":true,"href":"https:\/\/federacioncanariadehipica.es\/inicio\/wp-json\/wp\/v2\/users\/4"}],"replies":[{"embeddable":true,"href":"https:\/\/federacioncanariadehipica.es\/inicio\/wp-json\/wp\/v2\/comments?post=4321"}],"version-history":[{"count":1,"href":"https:\/\/federacioncanariadehipica.es\/inicio\/wp-json\/wp\/v2\/posts\/4321\/revisions"}],"predecessor-version":[{"id":14143,"href":"https:\/\/federacioncanariadehipica.es\/inicio\/wp-json\/wp\/v2\/posts\/4321\/revisions\/14143"}],"wp:featuredmedia":[{"embeddable":true,"href":"https:\/\/federacioncanariadehipica.es\/inicio\/wp-json\/"}],"wp:attachment":[{"href":"https:\/\/federacioncanariadehipica.es\/inicio\/wp-json\/wp\/v2\/media?parent=4321"}],"wp:term":[{"taxonomy":"category","embeddable":true,"href":"https:\/\/federacioncanariadehipica.es\/inicio\/wp-json\/wp\/v2\/categories?post=4321"},{"taxonomy":"post_tag","embeddable":true,"href":"https:\/\/federacioncanariadehipica.es\/inicio\/wp-json\/wp\/v2\/tags?post=4321"}],"curies":[{"name":"wp","href":"https:\/\/api.w.org\/{rel}","templated":true}]}}