{"id":4132,"date":"2018-06-20T21:00:04","date_gmt":"2018-06-20T20:00:04","guid":{"rendered":"http:\/\/federacioncanariadehipica.es\/inicio\/?p=4132"},"modified":"2023-05-12T11:18:59","modified_gmt":"2023-05-12T10:18:59","slug":"en-marcha-un-nuevo-proyecto-para-el-fomento-de-la-doma-clasica-adaptada-con-la-rfhe-la-fei-y-el-departamento-mujer-y-deporte-del-csd","status":"publish","type":"post","link":"https:\/\/federacioncanariadehipica.es\/inicio\/en-marcha-un-nuevo-proyecto-para-el-fomento-de-la-doma-clasica-adaptada-con-la-rfhe-la-fei-y-el-departamento-mujer-y-deporte-del-csd\/","title":{"rendered":"En marcha un nuevo proyecto para el fomento de la Doma Cl\u00e1sica Adaptada con la RFHE, la FEI y el departamento \u00abMujer y Deporte\u00bb del CSD"},"content":{"rendered":"<p style=\"font-weight: 400;\">Desde la Real Federaci\u00f3n de H\u00edpica Espa\u00f1ola ponemos en marcha un proyecto para el fomento nacional de la Doma Adaptada, cuyo nombre ser\u00e1 el de <strong><em>Desarrollo Nacional de Estructuras Deportivas: Doma Cl\u00e1sica Adaptada.<\/em><\/strong>\u00a0Este proyecto estar\u00e1 apoyado y cofinanciado por la\u00a0<strong>Federaci\u00f3n Ecuestre Internacional<\/strong>\u00a0y por el departamento de Mujer y Deporte del\u00a0<strong>Consejo Superior de Deportes<\/strong>.<\/p>\n<p style=\"font-weight: 400;\">Gracias a estos apoyos contaremos con la t\u00e9cnica y jueza,\u00a0<strong><em>Patricia Nadoux<\/em><\/strong>, consultora FEI desde el 2016 y responsable de los proyectos de desarrollo de Doma Adaptada en El Salvador, Ir\u00e1n y Eslovenia. Ha sido durante 8 a\u00f1os la directora de la Asociaci\u00f3n \u201cHandi Equi&#8217;Compet\u201d y es la responsable del desarrollo de la Doma Adaptada en Francia.<\/p>\n<p style=\"font-weight: 400;\">El objetivo principal del Proyecto, tal y como su nombre indica, es crear una estructura tanto auton\u00f3mica como nacional de la Disciplina de Doma Cl\u00e1sica Adaptada y, para ello, no s\u00f3lo se pretende proporcionar tanto a entrenadores como a deportistas las herramientas y medios para poder desarrollar sus habilidades profesionales deportivas, desde el nivel base hasta el alto rendimiento; sino tambi\u00e9n intentar involucrar a m\u00e1s agentes en esta disciplina, escuelas h\u00edpicas, comit\u00e9s organizadores, centros de terapias asistidas con caballos, centros\/asociaciones\/fundaciones de personas con discapacidad, profesionales deportivos,\u2026 con la finalidad de crear una red comunicante entre todas estas instituciones y profesionales.<\/p>\n<p style=\"font-weight: 400;\">As\u00ed pues, para la consecuci\u00f3n de dichos objetivos se llevar\u00e1n a cabo formaciones y seguimientos presenciales en diferentes puntos del territorio espa\u00f1ol, siendo en su primera fase los siguientes y esperando que puedan ser ampliados en las fases venideras:<\/p>\n<ul style=\"font-weight: 400;\">\n<li><strong>14 y 15 de julio: Asturias, Yeguada Finca Maeza<\/strong><\/li>\n<li><strong>17 y 18 de julio: Navarra (centro por determinar)<\/strong><\/li>\n<li><strong>21 y 22 de julio: Catalu\u00f1a. Club H\u00edpic Ra\u00fal Pinte\u00f1o<\/strong><\/li>\n<\/ul>\n<p style=\"font-weight: 400;\">\n<p style=\"font-weight: 400;\">Las formaciones ser\u00e1n totalmente\u00a0<strong>GRATUITAS<\/strong>\u00a0y no est\u00e1n cerradas a las comunidades o federaciones auton\u00f3micas seleccionadas, sino que pueden acudir desde otras comunidades. <strong>La fecha de cierre de inscripciones ser\u00e1 el pr\u00f3ximo\u00a030 de junio.<\/strong><\/p>\n<p>#prensaFCH<\/p>\n","protected":false},"excerpt":{"rendered":"<p>Desde la Real Federaci\u00f3n de H\u00edpica Espa\u00f1ola ponemos en marcha un proyecto para el fomento nacional de la Doma Adaptada, cuyo nombre ser\u00e1 el de Desarrollo Nacional de Estructuras Deportivas: [&hellip;]<\/p>\n","protected":false},"author":4,"featured_media":4843,"comment_status":"closed","ping_status":"closed","sticky":false,"template":"","format":"standard","meta":{"_acf_changed":false,"_et_pb_use_builder":"","_et_pb_old_content":"","_et_gb_content_width":"","footnotes":""},"categories":[42],"tags":[],"class_list":["post-4132","post","type-post","status-publish","format-standard","has-post-thumbnail","hentry","category-otras-noticias"],"acf":[],"_links":{"self":[{"href":"https:\/\/federacioncanariadehipica.es\/inicio\/wp-json\/wp\/v2\/posts\/4132","targetHints":{"allow":["GET"]}}],"collection":[{"href":"https:\/\/federacioncanariadehipica.es\/inicio\/wp-json\/wp\/v2\/posts"}],"about":[{"href":"https:\/\/federacioncanariadehipica.es\/inicio\/wp-json\/wp\/v2\/types\/post"}],"author":[{"embeddable":true,"href":"https:\/\/federacioncanariadehipica.es\/inicio\/wp-json\/wp\/v2\/users\/4"}],"replies":[{"embeddable":true,"href":"https:\/\/federacioncanariadehipica.es\/inicio\/wp-json\/wp\/v2\/comments?post=4132"}],"version-history":[{"count":1,"href":"https:\/\/federacioncanariadehipica.es\/inicio\/wp-json\/wp\/v2\/posts\/4132\/revisions"}],"predecessor-version":[{"id":4834,"href":"https:\/\/federacioncanariadehipica.es\/inicio\/wp-json\/wp\/v2\/posts\/4132\/revisions\/4834"}],"wp:featuredmedia":[{"embeddable":true,"href":"https:\/\/federacioncanariadehipica.es\/inicio\/wp-json\/wp\/v2\/media\/4843"}],"wp:attachment":[{"href":"https:\/\/federacioncanariadehipica.es\/inicio\/wp-json\/wp\/v2\/media?parent=4132"}],"wp:term":[{"taxonomy":"category","embeddable":true,"href":"https:\/\/federacioncanariadehipica.es\/inicio\/wp-json\/wp\/v2\/categories?post=4132"},{"taxonomy":"post_tag","embeddable":true,"href":"https:\/\/federacioncanariadehipica.es\/inicio\/wp-json\/wp\/v2\/tags?post=4132"}],"curies":[{"name":"wp","href":"https:\/\/api.w.org\/{rel}","templated":true}]}}