{"id":4103,"date":"2018-06-15T21:00:59","date_gmt":"2018-06-15T20:00:59","guid":{"rendered":"http:\/\/federacioncanariadehipica.es\/inicio\/?p=4103"},"modified":"2023-05-12T11:19:16","modified_gmt":"2023-05-12T10:19:16","slug":"nuevo-horario-de-nuestra-oficina-de-gran-canaria-para-el-verano-2018","status":"publish","type":"post","link":"https:\/\/federacioncanariadehipica.es\/inicio\/nuevo-horario-de-nuestra-oficina-de-gran-canaria-para-el-verano-2018\/","title":{"rendered":"Nuevo horario de nuestra oficina de Gran Canaria para el verano 2018"},"content":{"rendered":"<p>#HorarioDeVerano #Oficina #GranCanaria<\/p>\n<p>Entre hoy viernes #15deJunio y el #15deSeptiembre, el nuevo horario de #Atenci\u00f3nAlP\u00fablico de nuestra oficina de #LasPalmas ser\u00e1 de Lunes a Jueves de 8:30 a 15:00 horas y los Viernes de 8:30 a 14:30 horas<\/p>\n<p>#prensaFCH<\/p>\n","protected":false},"excerpt":{"rendered":"<p>#HorarioDeVerano #Oficina #GranCanaria Entre hoy viernes #15deJunio y el #15deSeptiembre, el nuevo horario de #Atenci\u00f3nAlP\u00fablico de nuestra oficina de #LasPalmas ser\u00e1 de Lunes a Jueves de 8:30 a 15:00 horas [&hellip;]<\/p>\n","protected":false},"author":4,"featured_media":5265,"comment_status":"closed","ping_status":"closed","sticky":false,"template":"","format":"standard","meta":{"_acf_changed":false,"_et_pb_use_builder":"","_et_pb_old_content":"","_et_gb_content_width":"","footnotes":""},"categories":[42],"tags":[],"class_list":["post-4103","post","type-post","status-publish","format-standard","has-post-thumbnail","hentry","category-otras-noticias"],"acf":[],"_links":{"self":[{"href":"https:\/\/federacioncanariadehipica.es\/inicio\/wp-json\/wp\/v2\/posts\/4103","targetHints":{"allow":["GET"]}}],"collection":[{"href":"https:\/\/federacioncanariadehipica.es\/inicio\/wp-json\/wp\/v2\/posts"}],"about":[{"href":"https:\/\/federacioncanariadehipica.es\/inicio\/wp-json\/wp\/v2\/types\/post"}],"author":[{"embeddable":true,"href":"https:\/\/federacioncanariadehipica.es\/inicio\/wp-json\/wp\/v2\/users\/4"}],"replies":[{"embeddable":true,"href":"https:\/\/federacioncanariadehipica.es\/inicio\/wp-json\/wp\/v2\/comments?post=4103"}],"version-history":[{"count":1,"href":"https:\/\/federacioncanariadehipica.es\/inicio\/wp-json\/wp\/v2\/posts\/4103\/revisions"}],"predecessor-version":[{"id":5075,"href":"https:\/\/federacioncanariadehipica.es\/inicio\/wp-json\/wp\/v2\/posts\/4103\/revisions\/5075"}],"wp:featuredmedia":[{"embeddable":true,"href":"https:\/\/federacioncanariadehipica.es\/inicio\/wp-json\/wp\/v2\/media\/5265"}],"wp:attachment":[{"href":"https:\/\/federacioncanariadehipica.es\/inicio\/wp-json\/wp\/v2\/media?parent=4103"}],"wp:term":[{"taxonomy":"category","embeddable":true,"href":"https:\/\/federacioncanariadehipica.es\/inicio\/wp-json\/wp\/v2\/categories?post=4103"},{"taxonomy":"post_tag","embeddable":true,"href":"https:\/\/federacioncanariadehipica.es\/inicio\/wp-json\/wp\/v2\/tags?post=4103"}],"curies":[{"name":"wp","href":"https:\/\/api.w.org\/{rel}","templated":true}]}}