{"id":20681,"date":"2026-04-29T12:49:05","date_gmt":"2026-04-29T11:49:05","guid":{"rendered":"https:\/\/federacioncanariadehipica.es\/inicio\/?p=20681"},"modified":"2026-04-29T12:49:13","modified_gmt":"2026-04-29T11:49:13","slug":"la-palma-acoge-una-nueva-jornada-de-competicion-ecuestre-con-pruebas-de-velocidad-y-distancia-en-los-llanos-de-aridane","status":"publish","type":"post","link":"https:\/\/federacioncanariadehipica.es\/inicio\/la-palma-acoge-una-nueva-jornada-de-competicion-ecuestre-con-pruebas-de-velocidad-y-distancia-en-los-llanos-de-aridane\/","title":{"rendered":"La Palma acoge una nueva jornada de competici\u00f3n ecuestre con pruebas de velocidad y distancia en Los Llanos de Aridane"},"content":{"rendered":"\n<p>Los Llanos de Aridane se prepara para vivir una intensa jornada ecuestre este pr\u00f3ximo 2 de mayo, con la celebraci\u00f3n de nuevas pruebas de velocidad y distancia que reunir\u00e1n a destacados binomios en la carretera de Hoyo de Todoque.<\/p>\n\n\n\n<p>La programaci\u00f3n arrancar\u00e1 a las 17:30 horas con las pruebas de velocidad, donde se disputar\u00e1n dos carreras. En la primera, competir\u00e1n Gang\u00e1rra y Whats Up, mientras que la segunda enfrentar\u00e1 a Origen, Wall Game y Georgios, en una cita que promete emoci\u00f3n y espect\u00e1culo desde el primer momento.<\/p>\n\n\n\n<p>Posteriormente, a partir de las 18:00 horas, ser\u00e1 el turno de las pruebas de distancia, que contar\u00e1n con un total de cuatro carreras. La primera medir\u00e1 a Cobreces y Dayshann; en la segunda competir\u00e1n Azkar y Exposed; la tercera reunir\u00e1 a Bukhara, Sea Dreamin y Brabante; y la cuarta y \u00faltima carrera contar\u00e1 con la participaci\u00f3n de El Kalbito, Farinelli y Australia Cape.<\/p>\n\n\n\n<p>Este evento se enmarca dentro del calendario de competiciones ecuestres de La Palma y supone una oportunidad para seguir impulsando esta disciplina en la Isla, combinando deporte, tradici\u00f3n y espect\u00e1culo.<\/p>\n\n\n\n<p>Se espera una destacada afluencia de p\u00fablico, en una jornada pensada tanto para aficionados al mundo ecuestre como para quienes deseen disfrutar de un evento deportivo al aire libre en un entorno \u00fanico.<\/p>\n","protected":false},"excerpt":{"rendered":"<p>Los Llanos de Aridane se prepara para vivir una intensa jornada ecuestre este pr\u00f3ximo 2 de mayo, con la celebraci\u00f3n de nuevas pruebas de velocidad y distancia que reunir\u00e1n a [&hellip;]<\/p>\n","protected":false},"author":1,"featured_media":20682,"comment_status":"open","ping_status":"closed","sticky":false,"template":"","format":"standard","meta":{"_acf_changed":false,"_et_pb_use_builder":"","_et_pb_old_content":"","_et_gb_content_width":"","footnotes":""},"categories":[43],"tags":[],"class_list":["post-20681","post","type-post","status-publish","format-standard","has-post-thumbnail","hentry","category-carreras-caballos"],"acf":[],"_links":{"self":[{"href":"https:\/\/federacioncanariadehipica.es\/inicio\/wp-json\/wp\/v2\/posts\/20681","targetHints":{"allow":["GET"]}}],"collection":[{"href":"https:\/\/federacioncanariadehipica.es\/inicio\/wp-json\/wp\/v2\/posts"}],"about":[{"href":"https:\/\/federacioncanariadehipica.es\/inicio\/wp-json\/wp\/v2\/types\/post"}],"author":[{"embeddable":true,"href":"https:\/\/federacioncanariadehipica.es\/inicio\/wp-json\/wp\/v2\/users\/1"}],"replies":[{"embeddable":true,"href":"https:\/\/federacioncanariadehipica.es\/inicio\/wp-json\/wp\/v2\/comments?post=20681"}],"version-history":[{"count":1,"href":"https:\/\/federacioncanariadehipica.es\/inicio\/wp-json\/wp\/v2\/posts\/20681\/revisions"}],"predecessor-version":[{"id":20683,"href":"https:\/\/federacioncanariadehipica.es\/inicio\/wp-json\/wp\/v2\/posts\/20681\/revisions\/20683"}],"wp:featuredmedia":[{"embeddable":true,"href":"https:\/\/federacioncanariadehipica.es\/inicio\/wp-json\/wp\/v2\/media\/20682"}],"wp:attachment":[{"href":"https:\/\/federacioncanariadehipica.es\/inicio\/wp-json\/wp\/v2\/media?parent=20681"}],"wp:term":[{"taxonomy":"category","embeddable":true,"href":"https:\/\/federacioncanariadehipica.es\/inicio\/wp-json\/wp\/v2\/categories?post=20681"},{"taxonomy":"post_tag","embeddable":true,"href":"https:\/\/federacioncanariadehipica.es\/inicio\/wp-json\/wp\/v2\/tags?post=20681"}],"curies":[{"name":"wp","href":"https:\/\/api.w.org\/{rel}","templated":true}]}}