{"id":20678,"date":"2026-04-28T09:28:19","date_gmt":"2026-04-28T08:28:19","guid":{"rendered":"https:\/\/federacioncanariadehipica.es\/inicio\/?p=20678"},"modified":"2026-04-28T09:28:26","modified_gmt":"2026-04-28T08:28:26","slug":"la-doma-clasica-y-paralimpica-se-dan-cita-en-el-real-club-de-golf-de-las-palmas-los-dias-2-y-3-de-mayo","status":"publish","type":"post","link":"https:\/\/federacioncanariadehipica.es\/inicio\/la-doma-clasica-y-paralimpica-se-dan-cita-en-el-real-club-de-golf-de-las-palmas-los-dias-2-y-3-de-mayo\/","title":{"rendered":"La doma cl\u00e1sica y paral\u00edmpica se dan cita en el Real Club de Golf de Las Palmas los d\u00edas 2 y 3 de mayo"},"content":{"rendered":"\n<p>El Real Club de Golf de Las Palmas acoger\u00e1 este fin de semana una nueva cita del calendario h\u00edpico insular con la celebraci\u00f3n del concurso de doma cl\u00e1sica y doma paral\u00edmpica CDN* y CDT RCGLP &#8211; Bandama, que tendr\u00e1 lugar los d\u00edas 2 y 3 de mayo en el municipio de Santa Br\u00edgida.<\/p>\n\n\n\n<p>Organizado por la secci\u00f3n h\u00edpica del propio Real Club de Golf de Las Palmas, con el respaldo de diferentes instituciones tanto p\u00fablicas como privadas, el evento reunir\u00e1 a deportistas de distintos niveles en una competici\u00f3n que combina deporte base, tecnificaci\u00f3n y promoci\u00f3n de la equitaci\u00f3n en las Islas.<\/p>\n\n\n\n<p>El programa deportivo arrancar\u00e1 el s\u00e1bado 2 de mayo con las pruebas territoriales, que incluir\u00e1n categor\u00edas como benjamines, alevines, iniciaci\u00f3n, riders y cl\u00e1sica, destacando la prueba de alevines por equipos de car\u00e1cter oficial. Durante la jornada del domingo 3 de mayo continuar\u00e1 la competici\u00f3n con nuevas reprises, entre ellas la final de alevines individual, junto al resto de niveles que completan el cuadro competitivo.<\/p>\n\n\n\n<p>Las pruebas, abiertas en su mayor\u00eda a participaci\u00f3n \u201copen\u201d, contemplan diferentes niveles t\u00e9cnicos y cuentan con un sistema de premios basado en medallas para los tres primeros clasificados en cada categor\u00eda, fomentando tanto la participaci\u00f3n como la progresi\u00f3n deportiva.<\/p>\n\n\n\n<p>El jurado de campo estar\u00e1 presidido por Meritxell Agramunt, acompa\u00f1ada por un equipo t\u00e9cnico cualificado, mientras que la organizaci\u00f3n del concurso recae en un comit\u00e9 liderado por Adri\u00e1n D\u00edaz Llorca, quien adem\u00e1s ejerce como director del evento.<\/p>\n\n\n\n<p>M\u00e1s all\u00e1 del car\u00e1cter competitivo, este encuentro h\u00edpico se presenta como una oportunidad para seguir impulsando la doma cl\u00e1sica y la doma paral\u00edmpica en Canarias, poniendo en valor el trabajo de clubes, deportistas y familias que forman parte del tejido ecuestre del Archipi\u00e9lago.<\/p>\n\n\n\n<p>El evento contar\u00e1, adem\u00e1s, con una vertiente especial bajo el lema \u201c\u00a1Va por ti mam\u00e1!\u201d, coincidiendo con el D\u00eda de la Madre, en un gui\u00f1o emocional que acompa\u00f1ar\u00e1 a esta cita deportiva, reforzando el ambiente familiar y cercano que caracteriza a este tipo de competiciones.<\/p>\n","protected":false},"excerpt":{"rendered":"<p>El Real Club de Golf de Las Palmas acoger\u00e1 este fin de semana una nueva cita del calendario h\u00edpico insular con la celebraci\u00f3n del concurso de doma cl\u00e1sica y doma [&hellip;]<\/p>\n","protected":false},"author":1,"featured_media":20593,"comment_status":"open","ping_status":"closed","sticky":false,"template":"","format":"standard","meta":{"_acf_changed":false,"_et_pb_use_builder":"","_et_pb_old_content":"","_et_gb_content_width":"","footnotes":""},"categories":[16,39],"tags":[],"class_list":["post-20678","post","type-post","status-publish","format-standard","has-post-thumbnail","hentry","category-doma-clasica","category-doma-paralimpica"],"acf":[],"_links":{"self":[{"href":"https:\/\/federacioncanariadehipica.es\/inicio\/wp-json\/wp\/v2\/posts\/20678","targetHints":{"allow":["GET"]}}],"collection":[{"href":"https:\/\/federacioncanariadehipica.es\/inicio\/wp-json\/wp\/v2\/posts"}],"about":[{"href":"https:\/\/federacioncanariadehipica.es\/inicio\/wp-json\/wp\/v2\/types\/post"}],"author":[{"embeddable":true,"href":"https:\/\/federacioncanariadehipica.es\/inicio\/wp-json\/wp\/v2\/users\/1"}],"replies":[{"embeddable":true,"href":"https:\/\/federacioncanariadehipica.es\/inicio\/wp-json\/wp\/v2\/comments?post=20678"}],"version-history":[{"count":1,"href":"https:\/\/federacioncanariadehipica.es\/inicio\/wp-json\/wp\/v2\/posts\/20678\/revisions"}],"predecessor-version":[{"id":20679,"href":"https:\/\/federacioncanariadehipica.es\/inicio\/wp-json\/wp\/v2\/posts\/20678\/revisions\/20679"}],"wp:featuredmedia":[{"embeddable":true,"href":"https:\/\/federacioncanariadehipica.es\/inicio\/wp-json\/wp\/v2\/media\/20593"}],"wp:attachment":[{"href":"https:\/\/federacioncanariadehipica.es\/inicio\/wp-json\/wp\/v2\/media?parent=20678"}],"wp:term":[{"taxonomy":"category","embeddable":true,"href":"https:\/\/federacioncanariadehipica.es\/inicio\/wp-json\/wp\/v2\/categories?post=20678"},{"taxonomy":"post_tag","embeddable":true,"href":"https:\/\/federacioncanariadehipica.es\/inicio\/wp-json\/wp\/v2\/tags?post=20678"}],"curies":[{"name":"wp","href":"https:\/\/api.w.org\/{rel}","templated":true}]}}