{"id":18732,"date":"2025-03-10T11:31:07","date_gmt":"2025-03-10T11:31:07","guid":{"rendered":"https:\/\/federacioncanariadehipica.es\/inicio\/?p=18732"},"modified":"2025-03-10T11:31:47","modified_gmt":"2025-03-10T11:31:47","slug":"lucas-gil-brilla-en-la-prueba-reina-del-cdt-los-migueles-el-pasado-fin-de-semana","status":"publish","type":"post","link":"https:\/\/federacioncanariadehipica.es\/inicio\/lucas-gil-brilla-en-la-prueba-reina-del-cdt-los-migueles-el-pasado-fin-de-semana\/","title":{"rendered":"Lucas Gil brilla en la prueba reina del CDT Los Migueles el pasado fin de semana"},"content":{"rendered":"\n<p>Durante el pasado fin de semana, el Centro H\u00edpico del Sur acogi\u00f3 el Concurso Territorial de Doma Cl\u00e1sica y Paral\u00edmpica. La competici\u00f3n, celebrada los d\u00edas 8 y 9 de marzo, reuni\u00f3 a un gran n\u00famero de binomios que demostraron su destreza en la pista, con actuaciones destacadas en distintas categor\u00edas.<\/p>\n\n\n\n<p>En el transcurso del s\u00e1bado, coincidiendo con el primer d\u00eda de este evento y en la prueba de Benjamines, Aroha \u00c1lvarez Cruz, junto a su caballo Oreo, domin\u00f3 ambas jornadas con un 66.379% el primer d\u00eda y 64.688% el segundo. Le sigui\u00f3 de cerca Noah Mart\u00edn Exp\u00f3sito con Juliet, logrando un 66.207% y 64.375%, respectivamente.&nbsp; El tercer puesto de la clasificaci\u00f3n recay\u00f3 en Nacor Acosta Link montando a Capi (Suso) (62.931% y 61.563%, respectivamente en las dos jornadas).<\/p>\n\n\n\n<p>En la categor\u00eda Alev\u00edn Equipos, Noa Adri\u00e1n Noguera, montando a Don Rio, alcanz\u00f3 el primer puesto con un 68.146%, mientras que el segundo lugar fue para Nira Afonso Afonso, con USO-CAS con un 67.258%.<\/p>\n\n\n\n<p>En la categor\u00eda Rider 1A, Elin Rieger, con Fandango La Lapilla, destac\u00f3 con 65.600% en Rider 1A y 63.636% en Rider 1C, siendo una de las competidoras m\u00e1s consistentes del fin de semana.<\/p>\n\n\n\n<p>En Juvenil 0 Equipos*, Alma Le\u00f3n Hern\u00e1ndez, con Candaro W, se proclam\u00f3 ganadora con una puntuaci\u00f3n de 64.301%, mientras que en la versi\u00f3n individual repiti\u00f3 triunfo con un 61.731%.<\/p>\n\n\n\n<p>Aridane Santana Alonso y su caballo Liverpool se coronaron en la prueba de J\u00f3venes Jinetes Preliminar con un 67. 552%.<\/p>\n\n\n\n<p>En la prueba San Jorge, Lucas Gil Hern\u00e1ndez, montando a Walaby, se alz\u00f3 con la victoria con una puntuaci\u00f3n final de 71.422%, haci\u00e9ndose as\u00ed con la mejor posici\u00f3n en la prueba grande de la primera jornada de esta competici\u00f3n.<\/p>\n\n\n\n<p>En Iniciaci\u00f3n, Dafne Monz\u00f3n Hern\u00e1ndez junto a su yegua Isabela se hizo con el oro (62.000%), mientras que la plata fue para Minerva Aponte Hern\u00e1ndez y Lacayo (61.250%) y el bronce para Sophia Frauenknecht y Timon (61.000%).<\/p>\n\n\n\n<p>El binomio formado por Nira Afonso Afonso y USO-CAS lograron una nueva victoria, aunque esta vez en la prueba de Alev\u00edn Individual al sumar una puntuaci\u00f3n media final situada en 64.927%. En este caso, el segundo lugar lo ocuparon Noa Adri\u00e1n Noguera y Don Rio con un 64.559%.<\/p>\n\n\n\n<p>Cathaysa Mendoza Valdivia montando a Lavinyah Rvegas se alz\u00f3 en la posici\u00f3n m\u00e1s elevada del podio en Rider 3B alcanzando una media de 62.037%.<\/p>\n\n\n\n<p>La prueba grande de esta competici\u00f3n, y tambi\u00e9n de la segunda jornada, lleg\u00f3 el domingo con Intermedia I, donde Lucas Gil Hern\u00e1ndez y Walaby repitieron victoria con una puntuaci\u00f3n de 69.657%, consolidando su dominio en la competici\u00f3n en ambas jornadas.<\/p>\n\n\n\n<p>Asimismo, en el apartado de Iniciaci\u00f3n de la jornada del domingo, Dafne Monz\u00f3n Hern\u00e1ndez volvi\u00f3 a lograr la primera posici\u00f3n de la clasificaci\u00f3n montando a su yegua Isabela (69.250%), mientras que Valentina Walch y Tadeus fueron segundos (68.000%), Sophia Frauenknecht y Timon, terceros (67.000%).<\/p>\n\n\n\n<p>La competici\u00f3n concluy\u00f3 con un gran ambiente entre participantes y asistentes, destacando la excelente organizaci\u00f3n del Centro H\u00edpico del Sur y la calidad de los binomios participantes. Este certamen no solo ha servido para demostrar el talento de los jinetes y amazonas, sino que tambi\u00e9n ha reafirmado el crecimiento de la doma cl\u00e1sica y paral\u00edmpica en Tenerife y en el archipi\u00e9lago.<\/p>\n","protected":false},"excerpt":{"rendered":"<p>Durante el pasado fin de semana, el Centro H\u00edpico del Sur acogi\u00f3 el Concurso Territorial de Doma Cl\u00e1sica y Paral\u00edmpica. La competici\u00f3n, celebrada los d\u00edas 8 y 9 de marzo, [&hellip;]<\/p>\n","protected":false},"author":1,"featured_media":18733,"comment_status":"open","ping_status":"closed","sticky":false,"template":"","format":"standard","meta":{"_acf_changed":false,"_et_pb_use_builder":"","_et_pb_old_content":"","_et_gb_content_width":"","footnotes":""},"categories":[16,39],"tags":[],"class_list":["post-18732","post","type-post","status-publish","format-standard","has-post-thumbnail","hentry","category-doma-clasica","category-doma-paralimpica"],"acf":[],"_links":{"self":[{"href":"https:\/\/federacioncanariadehipica.es\/inicio\/wp-json\/wp\/v2\/posts\/18732","targetHints":{"allow":["GET"]}}],"collection":[{"href":"https:\/\/federacioncanariadehipica.es\/inicio\/wp-json\/wp\/v2\/posts"}],"about":[{"href":"https:\/\/federacioncanariadehipica.es\/inicio\/wp-json\/wp\/v2\/types\/post"}],"author":[{"embeddable":true,"href":"https:\/\/federacioncanariadehipica.es\/inicio\/wp-json\/wp\/v2\/users\/1"}],"replies":[{"embeddable":true,"href":"https:\/\/federacioncanariadehipica.es\/inicio\/wp-json\/wp\/v2\/comments?post=18732"}],"version-history":[{"count":2,"href":"https:\/\/federacioncanariadehipica.es\/inicio\/wp-json\/wp\/v2\/posts\/18732\/revisions"}],"predecessor-version":[{"id":18735,"href":"https:\/\/federacioncanariadehipica.es\/inicio\/wp-json\/wp\/v2\/posts\/18732\/revisions\/18735"}],"wp:featuredmedia":[{"embeddable":true,"href":"https:\/\/federacioncanariadehipica.es\/inicio\/wp-json\/wp\/v2\/media\/18733"}],"wp:attachment":[{"href":"https:\/\/federacioncanariadehipica.es\/inicio\/wp-json\/wp\/v2\/media?parent=18732"}],"wp:term":[{"taxonomy":"category","embeddable":true,"href":"https:\/\/federacioncanariadehipica.es\/inicio\/wp-json\/wp\/v2\/categories?post=18732"},{"taxonomy":"post_tag","embeddable":true,"href":"https:\/\/federacioncanariadehipica.es\/inicio\/wp-json\/wp\/v2\/tags?post=18732"}],"curies":[{"name":"wp","href":"https:\/\/api.w.org\/{rel}","templated":true}]}}