{"id":17945,"date":"2024-08-02T11:28:16","date_gmt":"2024-08-02T10:28:16","guid":{"rendered":"https:\/\/federacioncanariadehipica.es\/inicio\/?p=17945"},"modified":"2024-08-02T11:28:22","modified_gmt":"2024-08-02T10:28:22","slug":"la-oficina-de-tenerife-permanecera-cerrada-del-7-al-16-de-agosto-por-vacaciones","status":"publish","type":"post","link":"https:\/\/federacioncanariadehipica.es\/inicio\/la-oficina-de-tenerife-permanecera-cerrada-del-7-al-16-de-agosto-por-vacaciones\/","title":{"rendered":"La oficina de Tenerife permanecer\u00e1 cerrada del 7 al 16 de agosto por vacaciones"},"content":{"rendered":"\n<p>Les informamos que nuestra oficina de Tenerife permanecer\u00e1 cerrada desde el d\u00eda 7 hasta el 16 de agostos por vacaciones (ambos inclusive).<\/p>\n\n\n\n<p>Volveremos el 17 de agosto en nuestro horario habitual.<\/p>\n\n\n\n<p>Cualquier consulta, duda o gesti\u00f3n que necesiten durante esos d\u00edas podr\u00e1n realizarla a trav\u00e9s de nuestra sede situada en Las Palmas:<\/p>\n\n\n\n<ul class=\"wp-block-list\">\n<li>928 366 908 Ext 2<\/li>\n\n\n\n<li>620 019 666 (WhatsApp)<\/li>\n\n\n\n<li>mcarmensecretaria@federacioncanariadehipica.com<\/li>\n\n\n\n<li>Calle Le\u00f3n y Castillo, 26, 3\u00ba, Las Palmas de Gran Canaria<\/li>\n\n\n\n<li>Lunes a viernes de 8:00 a 15:00 h<\/li>\n<\/ul>\n\n\n\n<p>\u00a1Nos vemos a la vuelta!<\/p>\n","protected":false},"excerpt":{"rendered":"<p>Les informamos que nuestra oficina de Tenerife permanecer\u00e1 cerrada desde el d\u00eda 7 hasta el 16 de agostos por vacaciones (ambos inclusive). Volveremos el 17 de agosto en nuestro horario [&hellip;]<\/p>\n","protected":false},"author":1,"featured_media":17946,"comment_status":"open","ping_status":"closed","sticky":false,"template":"","format":"standard","meta":{"_acf_changed":false,"_et_pb_use_builder":"","_et_pb_old_content":"","_et_gb_content_width":"","footnotes":""},"categories":[38],"tags":[],"class_list":["post-17945","post","type-post","status-publish","format-standard","has-post-thumbnail","hentry","category-federacion"],"acf":[],"_links":{"self":[{"href":"https:\/\/federacioncanariadehipica.es\/inicio\/wp-json\/wp\/v2\/posts\/17945","targetHints":{"allow":["GET"]}}],"collection":[{"href":"https:\/\/federacioncanariadehipica.es\/inicio\/wp-json\/wp\/v2\/posts"}],"about":[{"href":"https:\/\/federacioncanariadehipica.es\/inicio\/wp-json\/wp\/v2\/types\/post"}],"author":[{"embeddable":true,"href":"https:\/\/federacioncanariadehipica.es\/inicio\/wp-json\/wp\/v2\/users\/1"}],"replies":[{"embeddable":true,"href":"https:\/\/federacioncanariadehipica.es\/inicio\/wp-json\/wp\/v2\/comments?post=17945"}],"version-history":[{"count":1,"href":"https:\/\/federacioncanariadehipica.es\/inicio\/wp-json\/wp\/v2\/posts\/17945\/revisions"}],"predecessor-version":[{"id":17947,"href":"https:\/\/federacioncanariadehipica.es\/inicio\/wp-json\/wp\/v2\/posts\/17945\/revisions\/17947"}],"wp:featuredmedia":[{"embeddable":true,"href":"https:\/\/federacioncanariadehipica.es\/inicio\/wp-json\/wp\/v2\/media\/17946"}],"wp:attachment":[{"href":"https:\/\/federacioncanariadehipica.es\/inicio\/wp-json\/wp\/v2\/media?parent=17945"}],"wp:term":[{"taxonomy":"category","embeddable":true,"href":"https:\/\/federacioncanariadehipica.es\/inicio\/wp-json\/wp\/v2\/categories?post=17945"},{"taxonomy":"post_tag","embeddable":true,"href":"https:\/\/federacioncanariadehipica.es\/inicio\/wp-json\/wp\/v2\/tags?post=17945"}],"curies":[{"name":"wp","href":"https:\/\/api.w.org\/{rel}","templated":true}]}}