{"id":17575,"date":"2024-05-20T12:41:23","date_gmt":"2024-05-20T11:41:23","guid":{"rendered":"https:\/\/federacioncanariadehipica.es\/inicio\/?p=17575"},"modified":"2024-05-20T12:41:29","modified_gmt":"2024-05-20T11:41:29","slug":"carmen-gutierrez-y-lucas-gil-vuelven-a-subirse-a-lo-mas-alto-del-podio-en-la-segunda-jornada-del-cdt-los-migueles","status":"publish","type":"post","link":"https:\/\/federacioncanariadehipica.es\/inicio\/carmen-gutierrez-y-lucas-gil-vuelven-a-subirse-a-lo-mas-alto-del-podio-en-la-segunda-jornada-del-cdt-los-migueles\/","title":{"rendered":"Carmen Guti\u00e9rrez y Lucas Gil vuelven a subirse a lo m\u00e1s alto del podio en la segunda jornada del CDT Los Migueles"},"content":{"rendered":"\n<p>El segundo d\u00eda del Concurso Territorial de la disciplinas de doma cl\u00e1sica y doma paral\u00edmpica que se celebr\u00f3 el pasado domingo, 19 de mayo, en el tinerfe\u00f1o Centro H\u00edpico del Sur trajo nuevas alegr\u00edas para los deportistas Carmen Guti\u00e9rrez y Lucas Gil.<\/p>\n\n\n\n<p>La amazona Carmen Guti\u00e9rrez Cruz, por su parte, volvi\u00f3 a hacerse con el oro en la prueba del Gran Premio Especial, repitiendo logro respecto a la jornada anterior (en la prueba del Gran Premio del d\u00eda 18 de mayo), tambi\u00e9n junto a la yegua \u201cFiorella\u201d. No obstante, en esta ocasi\u00f3n logr\u00f3 una puntuaci\u00f3n media de 69.539% tras sus tres salidas a pista.<\/p>\n\n\n\n<p>Mientras, el jinete Lucas Gil Hern\u00e1ndez formando, nuevamente, binomio con su caballo \u201cWalaby\u201d logr\u00f3 la posici\u00f3n m\u00e1s elevado del podio dentro de la prueba \u201cIntermedia I\u201d al lograr una puntuaci\u00f3n media final situada en 68.333% una vez llevada a cabo la deliberaci\u00f3n del jurado de campo formado por diferentes miembros.<\/p>\n\n\n\n<p>En esta misma prueba, Laura Tribastone Trujillo ocup\u00f3 el segundo lugar del podio con \u201cMilton\u201d gracias a su media final de 64.157%.<\/p>\n\n\n\n<p>En la prueba Cl\u00e1sica 1, fue Anah\u00ed Redondo Gil la que result\u00f3 ganadora montando a \u201cQuimera\u201d (63.452%). Mientras que el segundo y tercer puesto de la clasificaci\u00f3n recayeron en Jessica Curbelo Ravelo y \u201cGabbana Het\u201d (62.976%) y Steven Ram\u00edrez Cabrera y \u201cGando II\u201d (60.119%), siendo segundos y terceros, respectivamente.<\/p>\n","protected":false},"excerpt":{"rendered":"<p>El segundo d\u00eda del Concurso Territorial de la disciplinas de doma cl\u00e1sica y doma paral\u00edmpica que se celebr\u00f3 el pasado domingo, 19 de mayo, en el tinerfe\u00f1o Centro H\u00edpico del [&hellip;]<\/p>\n","protected":false},"author":1,"featured_media":17576,"comment_status":"open","ping_status":"closed","sticky":false,"template":"","format":"standard","meta":{"_acf_changed":false,"_et_pb_use_builder":"","_et_pb_old_content":"","_et_gb_content_width":"","footnotes":""},"categories":[16,39],"tags":[],"class_list":["post-17575","post","type-post","status-publish","format-standard","has-post-thumbnail","hentry","category-doma-clasica","category-doma-paralimpica"],"acf":[],"_links":{"self":[{"href":"https:\/\/federacioncanariadehipica.es\/inicio\/wp-json\/wp\/v2\/posts\/17575","targetHints":{"allow":["GET"]}}],"collection":[{"href":"https:\/\/federacioncanariadehipica.es\/inicio\/wp-json\/wp\/v2\/posts"}],"about":[{"href":"https:\/\/federacioncanariadehipica.es\/inicio\/wp-json\/wp\/v2\/types\/post"}],"author":[{"embeddable":true,"href":"https:\/\/federacioncanariadehipica.es\/inicio\/wp-json\/wp\/v2\/users\/1"}],"replies":[{"embeddable":true,"href":"https:\/\/federacioncanariadehipica.es\/inicio\/wp-json\/wp\/v2\/comments?post=17575"}],"version-history":[{"count":1,"href":"https:\/\/federacioncanariadehipica.es\/inicio\/wp-json\/wp\/v2\/posts\/17575\/revisions"}],"predecessor-version":[{"id":17577,"href":"https:\/\/federacioncanariadehipica.es\/inicio\/wp-json\/wp\/v2\/posts\/17575\/revisions\/17577"}],"wp:featuredmedia":[{"embeddable":true,"href":"https:\/\/federacioncanariadehipica.es\/inicio\/wp-json\/wp\/v2\/media\/17576"}],"wp:attachment":[{"href":"https:\/\/federacioncanariadehipica.es\/inicio\/wp-json\/wp\/v2\/media?parent=17575"}],"wp:term":[{"taxonomy":"category","embeddable":true,"href":"https:\/\/federacioncanariadehipica.es\/inicio\/wp-json\/wp\/v2\/categories?post=17575"},{"taxonomy":"post_tag","embeddable":true,"href":"https:\/\/federacioncanariadehipica.es\/inicio\/wp-json\/wp\/v2\/tags?post=17575"}],"curies":[{"name":"wp","href":"https:\/\/api.w.org\/{rel}","templated":true}]}}